{"id":4123,"date":"2021-01-22T12:46:14","date_gmt":"2021-01-22T11:46:14","guid":{"rendered":"https:\/\/www.istud.it\/sanita\/?p=4123"},"modified":"2021-02-16T15:31:12","modified_gmt":"2021-02-16T14:31:12","slug":"medicina-narrativa-un-punto-di-svolta-per-prendersi-cura-della-depressione","status":"publish","type":"post","link":"https:\/\/www.istud.it\/sanita\/medicina-narrativa-un-punto-di-svolta-per-prendersi-cura-della-depressione\/","title":{"rendered":"Medicina Narrativa, un punto di svolta per prendersi cura della depressione"},"content":{"rendered":"<p>[vc_row content_placement=&#8221;middle&#8221;][vc_column width=&#8221;1\/3&#8243;][vc_icon icon_fontawesome=&#8221;fas fa-book&#8221; color=&#8221;custom&#8221; background_style=&#8221;rounded&#8221; background_color=&#8221;custom&#8221; size=&#8221;lg&#8221; align=&#8221;center&#8221; custom_color=&#8221;#ffffff&#8221; custom_background_color=&#8221;#21734c&#8221; link=&#8221;url:https%3A%2F%2Fwww.istud.it%2Fsanita%2Fnews-and-contents%2F%23hash_filters%3Dlibro&#8221;][\/vc_column][vc_column width=&#8221;1\/3&#8243;][vc_column_text]Matteo Balestrieri, Paola Chesi, Maria Giulia Marini, Claudio Mencacci, Monica Migliorati, Maurizio Pompili, Luigi Reale, Ubaldo Sagripanti, Salvatore Varia[\/vc_column_text][\/vc_column][vc_column width=&#8221;1\/3&#8243;][vc_column_text]<b>Edizioni effedi, 2020<\/b>[\/vc_column_text][\/vc_column][\/vc_row][vc_row][vc_column width=&#8221;1\/3&#8243;][vc_single_image image=&#8221;4124&#8243; img_size=&#8221;full&#8221;][\/vc_column][vc_column width=&#8221;2\/3&#8243;][vc_column_text]Un manuale sull&#8217;utilizzo della Medicina Narrativa come risorsa aggiuntiva nella cura delle persone con depressione, rivolto a tutte le figure sanitarie fulcro della prevenzione e cura di una patologia riconosciuta dall&#8217;OMS come la prima causa di disabilit\u00e0 a livello mondiale, oggi in ulteriore aumento in seguito alla pandemia.<\/p>\n<ul>\n<li>Prefazione di John Launer<\/li>\n<li>Introduzione di Claudio Mencacci, Francesca Merzagora e Salvatore Varia<\/li>\n<li>La medicina narrativa come punto di svolta in un mondo basato sulle evidenze: gli spunti dal contesto attuale &#8211; Maria Giulia Marini<\/li>\n<li>La medicina narrativa: gli strumenti innovativi per la raccolta di narrazioni &#8211; Paola Chesi<\/li>\n<li>Medicina personalizzata e Medicina Narrativa verso un ecosistema sanitario &#8211; Luigi Reale<\/li>\n<li>L&#8217;integrazione tra scienza e narrazione &#8211; Claudio Mencacci<\/li>\n<li>Quando la depressione diventa &#8220;un membro della famiglia di cui prendersi cura&#8221; &#8211; Salvatore Varia<\/li>\n<li>Quando la sofferenza prevale sulla voglia di vivere. La medicina narrativa come strumento integrativo ad altri sistemi per contribuire a prevenire il suicidio &#8211; Maurizio Pompili e Monica Migliorati<\/li>\n<li>Il punto di volta della pratica clinica: i limiti degli strumenti diagnostici quantitativi e le potenzialit\u00e0 della narrazione &#8211; Ubaldo Sagripanti<\/li>\n<li>Lui e lei, piccola storia di una depressione &#8211; Matteo Balestrieri<\/li>\n<\/ul>\n<p>[\/vc_column_text][\/vc_column][\/vc_row]<\/p>\n","protected":false},"excerpt":{"rendered":"<p>[vc_row content_placement=&#8221;middle&#8221;][vc_column width=&#8221;1\/3&#8243;][vc_icon icon_fontawesome=&#8221;fas fa-book&#8221; color=&#8221;custom&#8221; background_style=&#8221;rounded&#8221; background_color=&#8221;custom&#8221; size=&#8221;lg&#8221; align=&#8221;center&#8221; custom_color=&#8221;#ffffff&#8221; custom_background_color=&#8221;#21734c&#8221; link=&#8221;url:https%3A%2F%2Fwww.istud.it%2Fsanita%2Fnews-and-contents%2F%23hash_filters%3Dlibro&#8221;][\/vc_column][vc_column width=&#8221;1\/3&#8243;][vc_column_text]Matteo Balestrieri, Paola Chesi, Maria Giulia Marini, Claudio Mencacci, Monica Migliorati, Maurizio Pompili, Luigi Reale, Ubaldo Sagripanti, &hellip; <\/p>\n","protected":false},"author":71,"featured_media":4124,"comment_status":"closed","ping_status":"closed","sticky":false,"template":"","format":"standard","meta":[],"categories":[15,6],"tags":[],"yoast_head":"<!-- This site is optimized with the Yoast SEO plugin v18.4.1 - https:\/\/yoast.com\/wordpress\/plugins\/seo\/ -->\n<title>Medicina Narrativa, un punto di svolta per prendersi cura della depressione - ISTUD Sanit\u00e0<\/title>\n<meta name=\"robots\" content=\"index, follow, max-snippet:-1, max-image-preview:large, max-video-preview:-1\" \/>\n<link rel=\"canonical\" href=\"https:\/\/www.istud.it\/sanita\/medicina-narrativa-un-punto-di-svolta-per-prendersi-cura-della-depressione\/\" \/>\n<meta property=\"og:locale\" content=\"it_IT\" \/>\n<meta property=\"og:type\" content=\"article\" \/>\n<meta property=\"og:title\" content=\"Medicina Narrativa, un punto di svolta per prendersi cura della depressione - ISTUD Sanit\u00e0\" \/>\n<meta property=\"og:description\" content=\"[vc_row content_placement=&#8221;middle&#8221;][vc_column width=&#8221;1\/3&#8243;][vc_icon icon_fontawesome=&#8221;fas fa-book&#8221; color=&#8221;custom&#8221; background_style=&#8221;rounded&#8221; background_color=&#8221;custom&#8221; size=&#8221;lg&#8221; align=&#8221;center&#8221; custom_color=&#8221;#ffffff&#8221; custom_background_color=&#8221;#21734c&#8221; link=&#8221;url:https%3A%2F%2Fwww.istud.it%2Fsanita%2Fnews-and-contents%2F%23hash_filters%3Dlibro&#8221;][\/vc_column][vc_column width=&#8221;1\/3&#8243;][vc_column_text]Matteo Balestrieri, Paola Chesi, Maria Giulia Marini, Claudio Mencacci, Monica Migliorati, Maurizio Pompili, Luigi Reale, Ubaldo Sagripanti, &hellip;\" \/>\n<meta property=\"og:url\" content=\"https:\/\/www.istud.it\/sanita\/medicina-narrativa-un-punto-di-svolta-per-prendersi-cura-della-depressione\/\" \/>\n<meta property=\"og:site_name\" content=\"ISTUD Sanit\u00e0\" \/>\n<meta property=\"article:publisher\" content=\"https:\/\/www.facebook.com\/IstudSanita\/\" \/>\n<meta property=\"article:published_time\" content=\"2021-01-22T11:46:14+00:00\" \/>\n<meta property=\"article:modified_time\" content=\"2021-02-16T14:31:12+00:00\" \/>\n<meta property=\"og:image\" content=\"https:\/\/www.istud.it\/sanita\/wp-content\/uploads\/2021\/02\/copertina-medicina-narrativa-e-depressione-e1613474192805.jpg\" \/>\n\t<meta property=\"og:image:width\" content=\"1920\" \/>\n\t<meta property=\"og:image:height\" content=\"1876\" \/>\n\t<meta property=\"og:image:type\" content=\"image\/jpeg\" \/>\n<meta name=\"twitter:card\" content=\"summary\" \/>\n<meta name=\"twitter:creator\" content=\"@istud_sanita\" \/>\n<meta name=\"twitter:site\" content=\"@istud_sanita\" \/>\n<meta name=\"twitter:label1\" content=\"Scritto da\" \/>\n\t<meta name=\"twitter:data1\" content=\"Paola Chesi\" \/>\n\t<meta name=\"twitter:label2\" content=\"Tempo di lettura stimato\" \/>\n\t<meta name=\"twitter:data2\" content=\"2 minuti\" \/>\n<script type=\"application\/ld+json\" class=\"yoast-schema-graph\">{\"@context\":\"https:\/\/schema.org\",\"@graph\":[{\"@type\":\"WebSite\",\"@id\":\"https:\/\/www.istud.it\/sanita\/#website\",\"url\":\"https:\/\/www.istud.it\/sanita\/\",\"name\":\"ISTUD Sanit\u00e0\",\"description\":\"\",\"potentialAction\":[{\"@type\":\"SearchAction\",\"target\":{\"@type\":\"EntryPoint\",\"urlTemplate\":\"https:\/\/www.istud.it\/sanita\/?s={search_term_string}\"},\"query-input\":\"required name=search_term_string\"}],\"inLanguage\":\"it-IT\"},{\"@type\":\"ImageObject\",\"@id\":\"https:\/\/www.istud.it\/sanita\/medicina-narrativa-un-punto-di-svolta-per-prendersi-cura-della-depressione\/#primaryimage\",\"inLanguage\":\"it-IT\",\"url\":\"https:\/\/www.istud.it\/sanita\/wp-content\/uploads\/2021\/02\/copertina-medicina-narrativa-e-depressione-e1613474192805.jpg\",\"contentUrl\":\"https:\/\/www.istud.it\/sanita\/wp-content\/uploads\/2021\/02\/copertina-medicina-narrativa-e-depressione-e1613474192805.jpg\",\"width\":1920,\"height\":1876,\"caption\":\"copertina volume medicina narrativa e depressione\"},{\"@type\":\"WebPage\",\"@id\":\"https:\/\/www.istud.it\/sanita\/medicina-narrativa-un-punto-di-svolta-per-prendersi-cura-della-depressione\/#webpage\",\"url\":\"https:\/\/www.istud.it\/sanita\/medicina-narrativa-un-punto-di-svolta-per-prendersi-cura-della-depressione\/\",\"name\":\"Medicina Narrativa, un punto di svolta per prendersi cura della depressione - ISTUD Sanit\u00e0\",\"isPartOf\":{\"@id\":\"https:\/\/www.istud.it\/sanita\/#website\"},\"primaryImageOfPage\":{\"@id\":\"https:\/\/www.istud.it\/sanita\/medicina-narrativa-un-punto-di-svolta-per-prendersi-cura-della-depressione\/#primaryimage\"},\"datePublished\":\"2021-01-22T11:46:14+00:00\",\"dateModified\":\"2021-02-16T14:31:12+00:00\",\"author\":{\"@id\":\"https:\/\/www.istud.it\/sanita\/#\/schema\/person\/0e9805360b35f93b101d0d4897705685\"},\"breadcrumb\":{\"@id\":\"https:\/\/www.istud.it\/sanita\/medicina-narrativa-un-punto-di-svolta-per-prendersi-cura-della-depressione\/#breadcrumb\"},\"inLanguage\":\"it-IT\",\"potentialAction\":[{\"@type\":\"ReadAction\",\"target\":[\"https:\/\/www.istud.it\/sanita\/medicina-narrativa-un-punto-di-svolta-per-prendersi-cura-della-depressione\/\"]}]},{\"@type\":\"BreadcrumbList\",\"@id\":\"https:\/\/www.istud.it\/sanita\/medicina-narrativa-un-punto-di-svolta-per-prendersi-cura-della-depressione\/#breadcrumb\",\"itemListElement\":[{\"@type\":\"ListItem\",\"position\":1,\"name\":\"Home\",\"item\":\"https:\/\/www.istud.it\/sanita\/\"},{\"@type\":\"ListItem\",\"position\":2,\"name\":\"Medicina Narrativa, un punto di svolta per prendersi cura della depressione\"}]},{\"@type\":\"Person\",\"@id\":\"https:\/\/www.istud.it\/sanita\/#\/schema\/person\/0e9805360b35f93b101d0d4897705685\",\"name\":\"Paola Chesi\",\"image\":{\"@type\":\"ImageObject\",\"@id\":\"https:\/\/www.istud.it\/sanita\/#personlogo\",\"inLanguage\":\"it-IT\",\"url\":\"https:\/\/www.istud.it\/sanita\/wp-content\/uploads\/2017\/10\/IMG_1417p-e1508177719321-96x96.jpg\",\"contentUrl\":\"https:\/\/www.istud.it\/sanita\/wp-content\/uploads\/2017\/10\/IMG_1417p-e1508177719321-96x96.jpg\",\"caption\":\"Paola Chesi\"},\"description\":\"Laurea in Scienze Naturali presso l\u2019Universit\u00e0 degli Studi di Torino. Project manager e docente dell\u2019Area Sanit\u00e0 di ISTUD dal 2010. Esperta nella realizzazione di ricerche organizzative in ambito sanitario, in particolare attraverso l\u2019approccio della Medicina Narrativa, applicata a progetti di respiro nazionale e internazionale per l\u2019analisi dell\u2019organizzazione e qualit\u00e0 dei percorsi di cura. Coordina percorsi formativi accreditati ECM sulla Medicina Narrativa rivolti a professionisti sanitari, svolgendo attivit\u00e0 di docenza applicata e tutoraggio. Coordina progetti europei finanziati nell\u2019ambito dei Lifelong Learning Programme, con particolare riferimento alle metodologie formative basate sullo storytelling. Collabora con la Societ\u00e0 Italiana di Medicina Narrativa e con referenti di universit\u00e0 internazionali. Partecipa in qualit\u00e0 di relatrice a convegni promossi da societ\u00e0 scientifiche e Aziende Sanitarie.\",\"sameAs\":[\"https:\/\/www.linkedin.com\/in\/paola-chesi-12030432\"],\"url\":\"https:\/\/www.istud.it\/sanita\/author\/pchesi\/\"}]}<\/script>\n<!-- \/ Yoast SEO plugin. -->","yoast_head_json":{"title":"Medicina Narrativa, un punto di svolta per prendersi cura della depressione - ISTUD Sanit\u00e0","robots":{"index":"index","follow":"follow","max-snippet":"max-snippet:-1","max-image-preview":"max-image-preview:large","max-video-preview":"max-video-preview:-1"},"canonical":"https:\/\/www.istud.it\/sanita\/medicina-narrativa-un-punto-di-svolta-per-prendersi-cura-della-depressione\/","og_locale":"it_IT","og_type":"article","og_title":"Medicina Narrativa, un punto di svolta per prendersi cura della depressione - ISTUD Sanit\u00e0","og_description":"[vc_row content_placement=&#8221;middle&#8221;][vc_column width=&#8221;1\/3&#8243;][vc_icon icon_fontawesome=&#8221;fas fa-book&#8221; color=&#8221;custom&#8221; background_style=&#8221;rounded&#8221; background_color=&#8221;custom&#8221; size=&#8221;lg&#8221; align=&#8221;center&#8221; custom_color=&#8221;#ffffff&#8221; custom_background_color=&#8221;#21734c&#8221; link=&#8221;url:https%3A%2F%2Fwww.istud.it%2Fsanita%2Fnews-and-contents%2F%23hash_filters%3Dlibro&#8221;][\/vc_column][vc_column width=&#8221;1\/3&#8243;][vc_column_text]Matteo Balestrieri, Paola Chesi, Maria Giulia Marini, Claudio Mencacci, Monica Migliorati, Maurizio Pompili, Luigi Reale, Ubaldo Sagripanti, &hellip;","og_url":"https:\/\/www.istud.it\/sanita\/medicina-narrativa-un-punto-di-svolta-per-prendersi-cura-della-depressione\/","og_site_name":"ISTUD Sanit\u00e0","article_publisher":"https:\/\/www.facebook.com\/IstudSanita\/","article_published_time":"2021-01-22T11:46:14+00:00","article_modified_time":"2021-02-16T14:31:12+00:00","og_image":[{"width":1920,"height":1876,"url":"https:\/\/www.istud.it\/sanita\/wp-content\/uploads\/2021\/02\/copertina-medicina-narrativa-e-depressione-e1613474192805.jpg","type":"image\/jpeg"}],"twitter_card":"summary","twitter_creator":"@istud_sanita","twitter_site":"@istud_sanita","twitter_misc":{"Scritto da":"Paola Chesi","Tempo di lettura stimato":"2 minuti"},"schema":{"@context":"https:\/\/schema.org","@graph":[{"@type":"WebSite","@id":"https:\/\/www.istud.it\/sanita\/#website","url":"https:\/\/www.istud.it\/sanita\/","name":"ISTUD Sanit\u00e0","description":"","potentialAction":[{"@type":"SearchAction","target":{"@type":"EntryPoint","urlTemplate":"https:\/\/www.istud.it\/sanita\/?s={search_term_string}"},"query-input":"required name=search_term_string"}],"inLanguage":"it-IT"},{"@type":"ImageObject","@id":"https:\/\/www.istud.it\/sanita\/medicina-narrativa-un-punto-di-svolta-per-prendersi-cura-della-depressione\/#primaryimage","inLanguage":"it-IT","url":"https:\/\/www.istud.it\/sanita\/wp-content\/uploads\/2021\/02\/copertina-medicina-narrativa-e-depressione-e1613474192805.jpg","contentUrl":"https:\/\/www.istud.it\/sanita\/wp-content\/uploads\/2021\/02\/copertina-medicina-narrativa-e-depressione-e1613474192805.jpg","width":1920,"height":1876,"caption":"copertina volume medicina narrativa e depressione"},{"@type":"WebPage","@id":"https:\/\/www.istud.it\/sanita\/medicina-narrativa-un-punto-di-svolta-per-prendersi-cura-della-depressione\/#webpage","url":"https:\/\/www.istud.it\/sanita\/medicina-narrativa-un-punto-di-svolta-per-prendersi-cura-della-depressione\/","name":"Medicina Narrativa, un punto di svolta per prendersi cura della depressione - ISTUD Sanit\u00e0","isPartOf":{"@id":"https:\/\/www.istud.it\/sanita\/#website"},"primaryImageOfPage":{"@id":"https:\/\/www.istud.it\/sanita\/medicina-narrativa-un-punto-di-svolta-per-prendersi-cura-della-depressione\/#primaryimage"},"datePublished":"2021-01-22T11:46:14+00:00","dateModified":"2021-02-16T14:31:12+00:00","author":{"@id":"https:\/\/www.istud.it\/sanita\/#\/schema\/person\/0e9805360b35f93b101d0d4897705685"},"breadcrumb":{"@id":"https:\/\/www.istud.it\/sanita\/medicina-narrativa-un-punto-di-svolta-per-prendersi-cura-della-depressione\/#breadcrumb"},"inLanguage":"it-IT","potentialAction":[{"@type":"ReadAction","target":["https:\/\/www.istud.it\/sanita\/medicina-narrativa-un-punto-di-svolta-per-prendersi-cura-della-depressione\/"]}]},{"@type":"BreadcrumbList","@id":"https:\/\/www.istud.it\/sanita\/medicina-narrativa-un-punto-di-svolta-per-prendersi-cura-della-depressione\/#breadcrumb","itemListElement":[{"@type":"ListItem","position":1,"name":"Home","item":"https:\/\/www.istud.it\/sanita\/"},{"@type":"ListItem","position":2,"name":"Medicina Narrativa, un punto di svolta per prendersi cura della depressione"}]},{"@type":"Person","@id":"https:\/\/www.istud.it\/sanita\/#\/schema\/person\/0e9805360b35f93b101d0d4897705685","name":"Paola Chesi","image":{"@type":"ImageObject","@id":"https:\/\/www.istud.it\/sanita\/#personlogo","inLanguage":"it-IT","url":"https:\/\/www.istud.it\/sanita\/wp-content\/uploads\/2017\/10\/IMG_1417p-e1508177719321-96x96.jpg","contentUrl":"https:\/\/www.istud.it\/sanita\/wp-content\/uploads\/2017\/10\/IMG_1417p-e1508177719321-96x96.jpg","caption":"Paola Chesi"},"description":"Laurea in Scienze Naturali presso l\u2019Universit\u00e0 degli Studi di Torino. Project manager e docente dell\u2019Area Sanit\u00e0 di ISTUD dal 2010. Esperta nella realizzazione di ricerche organizzative in ambito sanitario, in particolare attraverso l\u2019approccio della Medicina Narrativa, applicata a progetti di respiro nazionale e internazionale per l\u2019analisi dell\u2019organizzazione e qualit\u00e0 dei percorsi di cura. Coordina percorsi formativi accreditati ECM sulla Medicina Narrativa rivolti a professionisti sanitari, svolgendo attivit\u00e0 di docenza applicata e tutoraggio. Coordina progetti europei finanziati nell\u2019ambito dei Lifelong Learning Programme, con particolare riferimento alle metodologie formative basate sullo storytelling. Collabora con la Societ\u00e0 Italiana di Medicina Narrativa e con referenti di universit\u00e0 internazionali. Partecipa in qualit\u00e0 di relatrice a convegni promossi da societ\u00e0 scientifiche e Aziende Sanitarie.","sameAs":["https:\/\/www.linkedin.com\/in\/paola-chesi-12030432"],"url":"https:\/\/www.istud.it\/sanita\/author\/pchesi\/"}]}},"_links":{"self":[{"href":"https:\/\/www.istud.it\/sanita\/wp-json\/wp\/v2\/posts\/4123"}],"collection":[{"href":"https:\/\/www.istud.it\/sanita\/wp-json\/wp\/v2\/posts"}],"about":[{"href":"https:\/\/www.istud.it\/sanita\/wp-json\/wp\/v2\/types\/post"}],"author":[{"embeddable":true,"href":"https:\/\/www.istud.it\/sanita\/wp-json\/wp\/v2\/users\/71"}],"replies":[{"embeddable":true,"href":"https:\/\/www.istud.it\/sanita\/wp-json\/wp\/v2\/comments?post=4123"}],"version-history":[{"count":4,"href":"https:\/\/www.istud.it\/sanita\/wp-json\/wp\/v2\/posts\/4123\/revisions"}],"predecessor-version":[{"id":4128,"href":"https:\/\/www.istud.it\/sanita\/wp-json\/wp\/v2\/posts\/4123\/revisions\/4128"}],"wp:featuredmedia":[{"embeddable":true,"href":"https:\/\/www.istud.it\/sanita\/wp-json\/wp\/v2\/media\/4124"}],"wp:attachment":[{"href":"https:\/\/www.istud.it\/sanita\/wp-json\/wp\/v2\/media?parent=4123"}],"wp:term":[{"taxonomy":"category","embeddable":true,"href":"https:\/\/www.istud.it\/sanita\/wp-json\/wp\/v2\/categories?post=4123"},{"taxonomy":"post_tag","embeddable":true,"href":"https:\/\/www.istud.it\/sanita\/wp-json\/wp\/v2\/tags?post=4123"}],"curies":[{"name":"wp","href":"https:\/\/api.w.org\/{rel}","templated":true}]}}