{"id":1405,"date":"2017-10-06T20:37:34","date_gmt":"2017-10-06T18:37:34","guid":{"rendered":"https:\/\/www.istud.it\/sanita\/?p=1405"},"modified":"2018-03-06T20:52:33","modified_gmt":"2018-03-06T19:52:33","slug":"risultati-del-progetto-preserviamo","status":"publish","type":"post","link":"https:\/\/www.istud.it\/sanita\/risultati-del-progetto-preserviamo\/","title":{"rendered":"Risultati del progetto PRESERVIAMO"},"content":{"rendered":"<p>[vc_row content_placement=&#8221;middle&#8221;][vc_column width=&#8221;1\/3&#8243;][vc_icon icon_fontawesome=&#8221;fa fa-file-pdf-o&#8221; color=&#8221;custom&#8221; background_style=&#8221;rounded&#8221; background_color=&#8221;custom&#8221; size=&#8221;lg&#8221; align=&#8221;center&#8221; custom_color=&#8221;#ffffff&#8221; custom_background_color=&#8221;#21734c&#8221; link=&#8221;url:https%3A%2F%2Fwww.istud.it%2Fsanita%2Fnews-and-contents%2F%23hash_filters%3Dricerca|||&#8221;][\/vc_column][vc_column width=&#8221;1\/3&#8243;][\/vc_column][vc_column width=&#8221;1\/3&#8243;][vc_column_text]<strong>Pubblicato nel 2017<\/strong>[\/vc_column_text][\/vc_column][\/vc_row][vc_row][vc_column][vc_column_text]L\u2019obiettivo della ricerca &#8220;<a href=\"https:\/\/www.istud.it\/sanita\/ricerca\/preserviamo\/\">PRESERVIAMO<\/a>&#8221; \u00e8 stato quello di raccogliere le narrazioni delle esperienze di cura ed il vissuto dell\u2019intervento di preservazione della fertilit\u00e0 nelle donne che si devono sottoporre a terapie potenzialmente lesive della capacit\u00e0 riproduttiva, come quelle oncologiche.[\/vc_column_text][\/vc_column][\/vc_row][vc_row][vc_column el_class=&#8221;centered&#8221;]<div class=\"thim-widget-button template-base\"><a class=\"widget-button very-rounded small custom_style\" href=\"http:\/\/www.medicinanarrativa.eu\/wp-content\/uploads\/2017\/04\/Progetto-PRESERVIAMO-I-risultati.pdf\" target=\"_blank\" style=\"font-size: 14px;border-width: 1;color: #333333;border-color: #333333;background-color: #ffffff;\" data-hover=\"font-size: 14px;border-width: 1;color: #ffffff;border-color: #21734c;background-color: #21734c;\">Apri il report<\/a><\/div>[\/vc_column][\/vc_row]<\/p>\n","protected":false},"excerpt":{"rendered":"<p>[vc_row content_placement=&#8221;middle&#8221;][vc_column width=&#8221;1\/3&#8243;][vc_icon icon_fontawesome=&#8221;fa fa-file-pdf-o&#8221; color=&#8221;custom&#8221; background_style=&#8221;rounded&#8221; background_color=&#8221;custom&#8221; size=&#8221;lg&#8221; align=&#8221;center&#8221; custom_color=&#8221;#ffffff&#8221; custom_background_color=&#8221;#21734c&#8221; link=&#8221;url:https%3A%2F%2Fwww.istud.it%2Fsanita%2Fnews-and-contents%2F%23hash_filters%3Dricerca|||&#8221;][\/vc_column][vc_column width=&#8221;1\/3&#8243;][\/vc_column][vc_column width=&#8221;1\/3&#8243;][vc_column_text]Pubblicato nel 2017[\/vc_column_text][\/vc_column][\/vc_row][vc_row][vc_column][vc_column_text]L\u2019obiettivo della ricerca &#8220;PRESERVIAMO&#8221; \u00e8 stato quello di raccogliere le narrazioni delle esperienze di &hellip; <\/p>\n","protected":false},"author":71,"featured_media":1096,"comment_status":"closed","ping_status":"closed","sticky":false,"template":"","format":"standard","meta":[],"categories":[6,16],"tags":[44,43,36],"yoast_head":"<!-- This site is optimized with the Yoast SEO plugin v18.4.1 - https:\/\/yoast.com\/wordpress\/plugins\/seo\/ -->\n<title>Risultati del progetto PRESERVIAMO - ISTUD Sanit\u00e0<\/title>\n<meta name=\"robots\" content=\"index, follow, max-snippet:-1, max-image-preview:large, max-video-preview:-1\" \/>\n<link rel=\"canonical\" href=\"https:\/\/www.istud.it\/sanita\/risultati-del-progetto-preserviamo\/\" \/>\n<meta property=\"og:locale\" content=\"it_IT\" \/>\n<meta property=\"og:type\" content=\"article\" \/>\n<meta property=\"og:title\" content=\"Risultati del progetto PRESERVIAMO - ISTUD Sanit\u00e0\" \/>\n<meta property=\"og:description\" content=\"[vc_row content_placement=&#8221;middle&#8221;][vc_column width=&#8221;1\/3&#8243;][vc_icon icon_fontawesome=&#8221;fa fa-file-pdf-o&#8221; color=&#8221;custom&#8221; background_style=&#8221;rounded&#8221; background_color=&#8221;custom&#8221; size=&#8221;lg&#8221; align=&#8221;center&#8221; custom_color=&#8221;#ffffff&#8221; custom_background_color=&#8221;#21734c&#8221; link=&#8221;url:https%3A%2F%2Fwww.istud.it%2Fsanita%2Fnews-and-contents%2F%23hash_filters%3Dricerca|||&#8221;][\/vc_column][vc_column width=&#8221;1\/3&#8243;][\/vc_column][vc_column width=&#8221;1\/3&#8243;][vc_column_text]Pubblicato nel 2017[\/vc_column_text][\/vc_column][\/vc_row][vc_row][vc_column][vc_column_text]L\u2019obiettivo della ricerca &#8220;PRESERVIAMO&#8221; \u00e8 stato quello di raccogliere le narrazioni delle esperienze di &hellip;\" \/>\n<meta property=\"og:url\" content=\"https:\/\/www.istud.it\/sanita\/risultati-del-progetto-preserviamo\/\" \/>\n<meta property=\"og:site_name\" content=\"ISTUD Sanit\u00e0\" \/>\n<meta property=\"article:publisher\" content=\"https:\/\/www.facebook.com\/IstudSanita\/\" \/>\n<meta property=\"article:published_time\" content=\"2017-10-06T18:37:34+00:00\" \/>\n<meta property=\"article:modified_time\" content=\"2018-03-06T19:52:33+00:00\" \/>\n<meta property=\"og:image\" content=\"https:\/\/www.istud.it\/sanita\/wp-content\/uploads\/2018\/02\/preserviamo.jpg\" \/>\n\t<meta property=\"og:image:width\" content=\"2400\" \/>\n\t<meta property=\"og:image:height\" content=\"1350\" \/>\n\t<meta property=\"og:image:type\" content=\"image\/jpeg\" \/>\n<meta name=\"twitter:card\" content=\"summary\" \/>\n<meta name=\"twitter:creator\" content=\"@istud_sanita\" \/>\n<meta name=\"twitter:site\" content=\"@istud_sanita\" \/>\n<meta name=\"twitter:label1\" content=\"Scritto da\" \/>\n\t<meta name=\"twitter:data1\" content=\"Paola Chesi\" \/>\n\t<meta name=\"twitter:label2\" content=\"Tempo di lettura stimato\" \/>\n\t<meta name=\"twitter:data2\" content=\"1 minuto\" \/>\n<script type=\"application\/ld+json\" class=\"yoast-schema-graph\">{\"@context\":\"https:\/\/schema.org\",\"@graph\":[{\"@type\":\"WebSite\",\"@id\":\"https:\/\/www.istud.it\/sanita\/#website\",\"url\":\"https:\/\/www.istud.it\/sanita\/\",\"name\":\"ISTUD Sanit\u00e0\",\"description\":\"\",\"potentialAction\":[{\"@type\":\"SearchAction\",\"target\":{\"@type\":\"EntryPoint\",\"urlTemplate\":\"https:\/\/www.istud.it\/sanita\/?s={search_term_string}\"},\"query-input\":\"required name=search_term_string\"}],\"inLanguage\":\"it-IT\"},{\"@type\":\"ImageObject\",\"@id\":\"https:\/\/www.istud.it\/sanita\/risultati-del-progetto-preserviamo\/#primaryimage\",\"inLanguage\":\"it-IT\",\"url\":\"https:\/\/www.istud.it\/sanita\/wp-content\/uploads\/2018\/02\/preserviamo.jpg\",\"contentUrl\":\"https:\/\/www.istud.it\/sanita\/wp-content\/uploads\/2018\/02\/preserviamo.jpg\",\"width\":2400,\"height\":1350,\"caption\":\"preserviamo\"},{\"@type\":\"WebPage\",\"@id\":\"https:\/\/www.istud.it\/sanita\/risultati-del-progetto-preserviamo\/#webpage\",\"url\":\"https:\/\/www.istud.it\/sanita\/risultati-del-progetto-preserviamo\/\",\"name\":\"Risultati del progetto PRESERVIAMO - ISTUD Sanit\u00e0\",\"isPartOf\":{\"@id\":\"https:\/\/www.istud.it\/sanita\/#website\"},\"primaryImageOfPage\":{\"@id\":\"https:\/\/www.istud.it\/sanita\/risultati-del-progetto-preserviamo\/#primaryimage\"},\"datePublished\":\"2017-10-06T18:37:34+00:00\",\"dateModified\":\"2018-03-06T19:52:33+00:00\",\"author\":{\"@id\":\"https:\/\/www.istud.it\/sanita\/#\/schema\/person\/0e9805360b35f93b101d0d4897705685\"},\"breadcrumb\":{\"@id\":\"https:\/\/www.istud.it\/sanita\/risultati-del-progetto-preserviamo\/#breadcrumb\"},\"inLanguage\":\"it-IT\",\"potentialAction\":[{\"@type\":\"ReadAction\",\"target\":[\"https:\/\/www.istud.it\/sanita\/risultati-del-progetto-preserviamo\/\"]}]},{\"@type\":\"BreadcrumbList\",\"@id\":\"https:\/\/www.istud.it\/sanita\/risultati-del-progetto-preserviamo\/#breadcrumb\",\"itemListElement\":[{\"@type\":\"ListItem\",\"position\":1,\"name\":\"Home\",\"item\":\"https:\/\/www.istud.it\/sanita\/\"},{\"@type\":\"ListItem\",\"position\":2,\"name\":\"Risultati del progetto PRESERVIAMO\"}]},{\"@type\":\"Person\",\"@id\":\"https:\/\/www.istud.it\/sanita\/#\/schema\/person\/0e9805360b35f93b101d0d4897705685\",\"name\":\"Paola Chesi\",\"image\":{\"@type\":\"ImageObject\",\"@id\":\"https:\/\/www.istud.it\/sanita\/#personlogo\",\"inLanguage\":\"it-IT\",\"url\":\"https:\/\/www.istud.it\/sanita\/wp-content\/uploads\/2017\/10\/IMG_1417p-e1508177719321-96x96.jpg\",\"contentUrl\":\"https:\/\/www.istud.it\/sanita\/wp-content\/uploads\/2017\/10\/IMG_1417p-e1508177719321-96x96.jpg\",\"caption\":\"Paola Chesi\"},\"description\":\"Laurea in Scienze Naturali presso l\u2019Universit\u00e0 degli Studi di Torino. Project manager e docente dell\u2019Area Sanit\u00e0 di ISTUD dal 2010. Esperta nella realizzazione di ricerche organizzative in ambito sanitario, in particolare attraverso l\u2019approccio della Medicina Narrativa, applicata a progetti di respiro nazionale e internazionale per l\u2019analisi dell\u2019organizzazione e qualit\u00e0 dei percorsi di cura. Coordina percorsi formativi accreditati ECM sulla Medicina Narrativa rivolti a professionisti sanitari, svolgendo attivit\u00e0 di docenza applicata e tutoraggio. Coordina progetti europei finanziati nell\u2019ambito dei Lifelong Learning Programme, con particolare riferimento alle metodologie formative basate sullo storytelling. Collabora con la Societ\u00e0 Italiana di Medicina Narrativa e con referenti di universit\u00e0 internazionali. Partecipa in qualit\u00e0 di relatrice a convegni promossi da societ\u00e0 scientifiche e Aziende Sanitarie.\",\"sameAs\":[\"https:\/\/www.linkedin.com\/in\/paola-chesi-12030432\"],\"url\":\"https:\/\/www.istud.it\/sanita\/author\/pchesi\/\"}]}<\/script>\n<!-- \/ Yoast SEO plugin. -->","yoast_head_json":{"title":"Risultati del progetto PRESERVIAMO - ISTUD Sanit\u00e0","robots":{"index":"index","follow":"follow","max-snippet":"max-snippet:-1","max-image-preview":"max-image-preview:large","max-video-preview":"max-video-preview:-1"},"canonical":"https:\/\/www.istud.it\/sanita\/risultati-del-progetto-preserviamo\/","og_locale":"it_IT","og_type":"article","og_title":"Risultati del progetto PRESERVIAMO - ISTUD Sanit\u00e0","og_description":"[vc_row content_placement=&#8221;middle&#8221;][vc_column width=&#8221;1\/3&#8243;][vc_icon icon_fontawesome=&#8221;fa fa-file-pdf-o&#8221; color=&#8221;custom&#8221; background_style=&#8221;rounded&#8221; background_color=&#8221;custom&#8221; size=&#8221;lg&#8221; align=&#8221;center&#8221; custom_color=&#8221;#ffffff&#8221; custom_background_color=&#8221;#21734c&#8221; link=&#8221;url:https%3A%2F%2Fwww.istud.it%2Fsanita%2Fnews-and-contents%2F%23hash_filters%3Dricerca|||&#8221;][\/vc_column][vc_column width=&#8221;1\/3&#8243;][\/vc_column][vc_column width=&#8221;1\/3&#8243;][vc_column_text]Pubblicato nel 2017[\/vc_column_text][\/vc_column][\/vc_row][vc_row][vc_column][vc_column_text]L\u2019obiettivo della ricerca &#8220;PRESERVIAMO&#8221; \u00e8 stato quello di raccogliere le narrazioni delle esperienze di &hellip;","og_url":"https:\/\/www.istud.it\/sanita\/risultati-del-progetto-preserviamo\/","og_site_name":"ISTUD Sanit\u00e0","article_publisher":"https:\/\/www.facebook.com\/IstudSanita\/","article_published_time":"2017-10-06T18:37:34+00:00","article_modified_time":"2018-03-06T19:52:33+00:00","og_image":[{"width":2400,"height":1350,"url":"https:\/\/www.istud.it\/sanita\/wp-content\/uploads\/2018\/02\/preserviamo.jpg","type":"image\/jpeg"}],"twitter_card":"summary","twitter_creator":"@istud_sanita","twitter_site":"@istud_sanita","twitter_misc":{"Scritto da":"Paola Chesi","Tempo di lettura stimato":"1 minuto"},"schema":{"@context":"https:\/\/schema.org","@graph":[{"@type":"WebSite","@id":"https:\/\/www.istud.it\/sanita\/#website","url":"https:\/\/www.istud.it\/sanita\/","name":"ISTUD Sanit\u00e0","description":"","potentialAction":[{"@type":"SearchAction","target":{"@type":"EntryPoint","urlTemplate":"https:\/\/www.istud.it\/sanita\/?s={search_term_string}"},"query-input":"required name=search_term_string"}],"inLanguage":"it-IT"},{"@type":"ImageObject","@id":"https:\/\/www.istud.it\/sanita\/risultati-del-progetto-preserviamo\/#primaryimage","inLanguage":"it-IT","url":"https:\/\/www.istud.it\/sanita\/wp-content\/uploads\/2018\/02\/preserviamo.jpg","contentUrl":"https:\/\/www.istud.it\/sanita\/wp-content\/uploads\/2018\/02\/preserviamo.jpg","width":2400,"height":1350,"caption":"preserviamo"},{"@type":"WebPage","@id":"https:\/\/www.istud.it\/sanita\/risultati-del-progetto-preserviamo\/#webpage","url":"https:\/\/www.istud.it\/sanita\/risultati-del-progetto-preserviamo\/","name":"Risultati del progetto PRESERVIAMO - ISTUD Sanit\u00e0","isPartOf":{"@id":"https:\/\/www.istud.it\/sanita\/#website"},"primaryImageOfPage":{"@id":"https:\/\/www.istud.it\/sanita\/risultati-del-progetto-preserviamo\/#primaryimage"},"datePublished":"2017-10-06T18:37:34+00:00","dateModified":"2018-03-06T19:52:33+00:00","author":{"@id":"https:\/\/www.istud.it\/sanita\/#\/schema\/person\/0e9805360b35f93b101d0d4897705685"},"breadcrumb":{"@id":"https:\/\/www.istud.it\/sanita\/risultati-del-progetto-preserviamo\/#breadcrumb"},"inLanguage":"it-IT","potentialAction":[{"@type":"ReadAction","target":["https:\/\/www.istud.it\/sanita\/risultati-del-progetto-preserviamo\/"]}]},{"@type":"BreadcrumbList","@id":"https:\/\/www.istud.it\/sanita\/risultati-del-progetto-preserviamo\/#breadcrumb","itemListElement":[{"@type":"ListItem","position":1,"name":"Home","item":"https:\/\/www.istud.it\/sanita\/"},{"@type":"ListItem","position":2,"name":"Risultati del progetto PRESERVIAMO"}]},{"@type":"Person","@id":"https:\/\/www.istud.it\/sanita\/#\/schema\/person\/0e9805360b35f93b101d0d4897705685","name":"Paola Chesi","image":{"@type":"ImageObject","@id":"https:\/\/www.istud.it\/sanita\/#personlogo","inLanguage":"it-IT","url":"https:\/\/www.istud.it\/sanita\/wp-content\/uploads\/2017\/10\/IMG_1417p-e1508177719321-96x96.jpg","contentUrl":"https:\/\/www.istud.it\/sanita\/wp-content\/uploads\/2017\/10\/IMG_1417p-e1508177719321-96x96.jpg","caption":"Paola Chesi"},"description":"Laurea in Scienze Naturali presso l\u2019Universit\u00e0 degli Studi di Torino. Project manager e docente dell\u2019Area Sanit\u00e0 di ISTUD dal 2010. Esperta nella realizzazione di ricerche organizzative in ambito sanitario, in particolare attraverso l\u2019approccio della Medicina Narrativa, applicata a progetti di respiro nazionale e internazionale per l\u2019analisi dell\u2019organizzazione e qualit\u00e0 dei percorsi di cura. Coordina percorsi formativi accreditati ECM sulla Medicina Narrativa rivolti a professionisti sanitari, svolgendo attivit\u00e0 di docenza applicata e tutoraggio. Coordina progetti europei finanziati nell\u2019ambito dei Lifelong Learning Programme, con particolare riferimento alle metodologie formative basate sullo storytelling. Collabora con la Societ\u00e0 Italiana di Medicina Narrativa e con referenti di universit\u00e0 internazionali. Partecipa in qualit\u00e0 di relatrice a convegni promossi da societ\u00e0 scientifiche e Aziende Sanitarie.","sameAs":["https:\/\/www.linkedin.com\/in\/paola-chesi-12030432"],"url":"https:\/\/www.istud.it\/sanita\/author\/pchesi\/"}]}},"_links":{"self":[{"href":"https:\/\/www.istud.it\/sanita\/wp-json\/wp\/v2\/posts\/1405"}],"collection":[{"href":"https:\/\/www.istud.it\/sanita\/wp-json\/wp\/v2\/posts"}],"about":[{"href":"https:\/\/www.istud.it\/sanita\/wp-json\/wp\/v2\/types\/post"}],"author":[{"embeddable":true,"href":"https:\/\/www.istud.it\/sanita\/wp-json\/wp\/v2\/users\/71"}],"replies":[{"embeddable":true,"href":"https:\/\/www.istud.it\/sanita\/wp-json\/wp\/v2\/comments?post=1405"}],"version-history":[{"count":2,"href":"https:\/\/www.istud.it\/sanita\/wp-json\/wp\/v2\/posts\/1405\/revisions"}],"predecessor-version":[{"id":1407,"href":"https:\/\/www.istud.it\/sanita\/wp-json\/wp\/v2\/posts\/1405\/revisions\/1407"}],"wp:featuredmedia":[{"embeddable":true,"href":"https:\/\/www.istud.it\/sanita\/wp-json\/wp\/v2\/media\/1096"}],"wp:attachment":[{"href":"https:\/\/www.istud.it\/sanita\/wp-json\/wp\/v2\/media?parent=1405"}],"wp:term":[{"taxonomy":"category","embeddable":true,"href":"https:\/\/www.istud.it\/sanita\/wp-json\/wp\/v2\/categories?post=1405"},{"taxonomy":"post_tag","embeddable":true,"href":"https:\/\/www.istud.it\/sanita\/wp-json\/wp\/v2\/tags?post=1405"}],"curies":[{"name":"wp","href":"https:\/\/api.w.org\/{rel}","templated":true}]}}