{"id":8674,"date":"2021-10-25T11:41:06","date_gmt":"2021-10-25T09:41:06","guid":{"rendered":"https:\/\/www.istud.it\/imprese\/?p=8674"},"modified":"2021-10-21T11:52:25","modified_gmt":"2021-10-21T09:52:25","slug":"il-paradosso-della-nave-di-teseo","status":"publish","type":"post","link":"https:\/\/www.istud.it\/imprese\/il-paradosso-della-nave-di-teseo\/","title":{"rendered":"Il paradosso della nave di Teseo"},"content":{"rendered":"<p>[vc_row][vc_column][vc_column_text]<em>I paradossi si oppongono alla stagnazione delle idee, ma ci vuole coraggio per schierarsi con le novit\u00e0. Anche in azienda stimolano la ricerca di nuove strade. Questo esperimento mentale ci aiuta a riflettere sull\u2019identit\u00e0 dell\u2019azienda nel corso di una fase di trasformazione. Il paradosso della nave di Teseo esprime la questione dell&#8217;effettiva persistenza dell&#8217;identit\u00e0 originaria per un&#8217;entit\u00e0 le cui parti cambiano nel tempo. Una entit\u00e0 rimane davvero se stessa, dopo che, col passare del tempo, tutti i suoi\u00a0 componenti sono cambiati con altri uguali o simili? Il caso della NOKIA \u00e8 emblematico.<\/em>[\/vc_column_text][\/vc_column][\/vc_row][vc_row full_width=&#8221;stretch_row&#8221; el_class=&#8221;divider-gradient&#8221; css=&#8221;.vc_custom_1584700035323{padding-top: 100px !important;padding-bottom: 100px !important;}&#8221;][vc_column width=&#8221;2\/3&#8243;]<div id=\"ultimate-heading-862569f254e474b75\" class=\"uvc-heading ult-adjust-bottom-margin ultimate-heading-862569f254e474b75 uvc-1170 \" data-hspacer=\"no_spacer\"  data-halign=\"center\" style=\"text-align:center\"><div class=\"uvc-heading-spacer no_spacer\" style=\"top\"><\/div><div class=\"uvc-main-heading ult-responsive\"  data-ultimate-target='.uvc-heading.ultimate-heading-862569f254e474b75 h2'  data-responsive-json-new='{\"font-size\":\"desktop:48px;\",\"line-height\":\"\"}' ><h2 style=\"font-style:italic;font-weight:bold;color:#ffffff;\">Scarica il paper completo<\/h2><\/div><\/div>[\/vc_column][vc_column width=&#8221;1\/3&#8243;]<div class=\" ubtn-ctn-center \"><a class=\"ubtn-link ult-adjust-bottom-margin ubtn-center ubtn-normal \" href=\"https:\/\/www.istud.it\/imprese\/wp-content\/uploads\/2021\/10\/Nave-di-Teseo.pdf\" rel=\" \" ><button type=\"button\" id=\"ubtn-2623\" class=\"ubtn ult-adjust-bottom-margin ult-responsive ubtn-normal ubtn-no-hover-bg  none  ubtn-sep-icon ubtn-sep-icon-at-left  ubtn-center  ubtn-only-icon   tooltip-69f254e474bc2\"  data-hover=\"\" data-border-color=\"#ffffff\" data-bg=\"#ffffff\" data-hover-bg=\"\" data-border-hover=\"\" data-shadow-hover=\"\" data-shadow-click=\"none\" data-shadow=\"\" data-shd-shadow=\"\"  data-ultimate-target='#ubtn-2623'  data-responsive-json-new='{\"font-size\":\"\",\"line-height\":\"\"}'  style=\"font-weight:normal;border-radius:15px;border-width:3px;border-color:#ffffff;border-style:solid;background: #ffffff;color: #1e73be;\"><span class=\"ubtn-data ubtn-icon\"><i class=\"Defaults-download\" style=\"font-size:32px;color:#1e73be;\"><\/i><\/span><span class=\"ubtn-hover\" style=\"background-color:\"><\/span><span class=\"ubtn-data ubtn-text \" ><\/span><\/button><\/a><\/div>[\/vc_column][\/vc_row][vc_row][vc_column width=&#8221;1\/4&#8243;][vc_single_image image=&#8221;6352&#8243; style=&#8221;vc_box_circle&#8221;][\/vc_column][vc_column width=&#8221;3\/4&#8243;][vc_column_text]<strong>Mauro Arpino<\/strong> \u00e8 nato nel 1965 e ha compiuto studi in fisica. Ha pubblicato nel 1983, \u201cGiove \u2013 Il pianeta le osservazioni\u201d, la prima monografia in italiano sull\u2019argomento. Per 19 anni ha svolto attivit\u00e0 di conferenziere presso il Civico Planetario di Milano, sia con platee di studenti sia con il pubblico, esponendo decine di conferenze sui pi\u00f9 disparati argomenti astronomici. Frutto di questa attivit\u00e0 \u00e8 il testo \u201cLe idee dell\u2019astronomia \u2013 Come lo studio del cielo ha cambiato il mondo\u201d del 2010, rilasciato con licenza Creative Commons e liberamente scaricabile online.[\/vc_column_text][\/vc_column][\/vc_row]<\/p>\n","protected":false},"excerpt":{"rendered":"<p>[vc_row][vc_column][vc_column_text]I paradossi si oppongono alla stagnazione delle idee, ma ci vuole coraggio per schierarsi con le novit\u00e0. Anche in azienda stimolano la ricerca di nuove strade. Questo esperimento mentale ci &hellip; <\/p>\n","protected":false},"author":123,"featured_media":8677,"comment_status":"closed","ping_status":"closed","sticky":false,"template":"","format":"standard","meta":[],"categories":[20],"tags":[],"yoast_head":"<!-- This site is optimized with the Yoast SEO plugin v18.4.1 - https:\/\/yoast.com\/wordpress\/plugins\/seo\/ -->\n<title>Il paradosso della nave di Teseo - ISTUD Imprese<\/title>\n<meta name=\"description\" content=\"Il paradosso della nave di Teseo esprime la questione dell&#039;effettiva persistenza dell&#039;identit\u00e0 originaria per un&#039;entit\u00e0 le cui parti cambiano nel tempo.\" \/>\n<meta name=\"robots\" content=\"index, follow, max-snippet:-1, max-image-preview:large, max-video-preview:-1\" \/>\n<link rel=\"canonical\" href=\"https:\/\/www.istud.it\/imprese\/il-paradosso-della-nave-di-teseo\/\" \/>\n<meta property=\"og:locale\" content=\"it_IT\" \/>\n<meta property=\"og:type\" content=\"article\" \/>\n<meta property=\"og:title\" content=\"Il paradosso della nave di Teseo - ISTUD Imprese\" \/>\n<meta property=\"og:description\" content=\"Il paradosso della nave di Teseo esprime la questione dell&#039;effettiva persistenza dell&#039;identit\u00e0 originaria per un&#039;entit\u00e0 le cui parti cambiano nel tempo.\" \/>\n<meta property=\"og:url\" content=\"https:\/\/www.istud.it\/imprese\/il-paradosso-della-nave-di-teseo\/\" \/>\n<meta property=\"og:site_name\" content=\"ISTUD Imprese\" \/>\n<meta property=\"article:publisher\" content=\"https:\/\/www.facebook.com\/fondazioneistud\/\" \/>\n<meta property=\"article:published_time\" content=\"2021-10-25T09:41:06+00:00\" \/>\n<meta property=\"article:modified_time\" content=\"2021-10-21T09:52:25+00:00\" \/>\n<meta property=\"og:image\" content=\"https:\/\/www.istud.it\/imprese\/wp-content\/uploads\/2021\/10\/identity.jpg\" \/>\n\t<meta property=\"og:image:width\" content=\"2400\" \/>\n\t<meta property=\"og:image:height\" content=\"1600\" \/>\n\t<meta property=\"og:image:type\" content=\"image\/jpeg\" \/>\n<meta name=\"twitter:card\" content=\"summary\" \/>\n<meta name=\"twitter:creator\" content=\"@istud_it\" \/>\n<meta name=\"twitter:site\" content=\"@istud_it\" \/>\n<meta name=\"twitter:label1\" content=\"Scritto da\" \/>\n\t<meta name=\"twitter:data1\" content=\"Mauro Arpino\" \/>\n\t<meta name=\"twitter:label2\" content=\"Tempo di lettura stimato\" \/>\n\t<meta name=\"twitter:data2\" content=\"2 minuti\" \/>\n<script type=\"application\/ld+json\" class=\"yoast-schema-graph\">{\"@context\":\"https:\/\/schema.org\",\"@graph\":[{\"@type\":\"WebSite\",\"@id\":\"https:\/\/www.istud.it\/imprese\/#website\",\"url\":\"https:\/\/www.istud.it\/imprese\/\",\"name\":\"ISTUD Imprese\",\"description\":\"\",\"potentialAction\":[{\"@type\":\"SearchAction\",\"target\":{\"@type\":\"EntryPoint\",\"urlTemplate\":\"https:\/\/www.istud.it\/imprese\/?s={search_term_string}\"},\"query-input\":\"required name=search_term_string\"}],\"inLanguage\":\"it-IT\"},{\"@type\":\"ImageObject\",\"@id\":\"https:\/\/www.istud.it\/imprese\/il-paradosso-della-nave-di-teseo\/#primaryimage\",\"inLanguage\":\"it-IT\",\"url\":\"https:\/\/www.istud.it\/imprese\/wp-content\/uploads\/2021\/10\/identity.jpg\",\"contentUrl\":\"https:\/\/www.istud.it\/imprese\/wp-content\/uploads\/2021\/10\/identity.jpg\",\"width\":2400,\"height\":1600},{\"@type\":\"WebPage\",\"@id\":\"https:\/\/www.istud.it\/imprese\/il-paradosso-della-nave-di-teseo\/#webpage\",\"url\":\"https:\/\/www.istud.it\/imprese\/il-paradosso-della-nave-di-teseo\/\",\"name\":\"Il paradosso della nave di Teseo - ISTUD Imprese\",\"isPartOf\":{\"@id\":\"https:\/\/www.istud.it\/imprese\/#website\"},\"primaryImageOfPage\":{\"@id\":\"https:\/\/www.istud.it\/imprese\/il-paradosso-della-nave-di-teseo\/#primaryimage\"},\"datePublished\":\"2021-10-25T09:41:06+00:00\",\"dateModified\":\"2021-10-21T09:52:25+00:00\",\"author\":{\"@id\":\"https:\/\/www.istud.it\/imprese\/#\/schema\/person\/e1649a26ad85b4bb1b439ccb8e8787bb\"},\"description\":\"Il paradosso della nave di Teseo esprime la questione dell'effettiva persistenza dell'identit\u00e0 originaria per un'entit\u00e0 le cui parti cambiano nel tempo.\",\"breadcrumb\":{\"@id\":\"https:\/\/www.istud.it\/imprese\/il-paradosso-della-nave-di-teseo\/#breadcrumb\"},\"inLanguage\":\"it-IT\",\"potentialAction\":[{\"@type\":\"ReadAction\",\"target\":[\"https:\/\/www.istud.it\/imprese\/il-paradosso-della-nave-di-teseo\/\"]}]},{\"@type\":\"BreadcrumbList\",\"@id\":\"https:\/\/www.istud.it\/imprese\/il-paradosso-della-nave-di-teseo\/#breadcrumb\",\"itemListElement\":[{\"@type\":\"ListItem\",\"position\":1,\"name\":\"Home\",\"item\":\"https:\/\/www.istud.it\/imprese\/\"},{\"@type\":\"ListItem\",\"position\":2,\"name\":\"Il paradosso della nave di Teseo\"}]},{\"@type\":\"Person\",\"@id\":\"https:\/\/www.istud.it\/imprese\/#\/schema\/person\/e1649a26ad85b4bb1b439ccb8e8787bb\",\"name\":\"Mauro Arpino\",\"image\":{\"@type\":\"ImageObject\",\"@id\":\"https:\/\/www.istud.it\/imprese\/#personlogo\",\"inLanguage\":\"it-IT\",\"url\":\"https:\/\/www.istud.it\/imprese\/wp-content\/uploads\/2020\/04\/Mauro-Arpino-e1585839491532-96x96.png\",\"contentUrl\":\"https:\/\/www.istud.it\/imprese\/wp-content\/uploads\/2020\/04\/Mauro-Arpino-e1585839491532-96x96.png\",\"caption\":\"Mauro Arpino\"},\"description\":\"Mauro Arpino \u00e8 nato nel 1965 e ha compiuto studi in fisica. Ha pubblicato nel 1983, \u201cGiove \u2013 Il pianeta le osservazioni\u201d, la prima monografia in italiano sull\u2019argomento. Per 19 anni ha svolto attivit\u00e0 di conferenziere presso il Civico Planetario di Milano, sia con platee di studenti sia con il pubblico, esponendo decine di conferenze sui pi\u00f9 disparati argomenti astronomici. Frutto di questa attivit\u00e0 \u00e8 il testo \u201cLe idee dell\u2019astronomia \u2013 Come lo studio del cielo ha cambiato il mondo\u201d del 2010, rilasciato con licenza Creative Commons e liberamente scaricabile online.\",\"url\":\"https:\/\/www.istud.it\/imprese\/author\/marpino\/\"}]}<\/script>\n<!-- \/ Yoast SEO plugin. -->","yoast_head_json":{"title":"Il paradosso della nave di Teseo - ISTUD Imprese","description":"Il paradosso della nave di Teseo esprime la questione dell'effettiva persistenza dell'identit\u00e0 originaria per un'entit\u00e0 le cui parti cambiano nel tempo.","robots":{"index":"index","follow":"follow","max-snippet":"max-snippet:-1","max-image-preview":"max-image-preview:large","max-video-preview":"max-video-preview:-1"},"canonical":"https:\/\/www.istud.it\/imprese\/il-paradosso-della-nave-di-teseo\/","og_locale":"it_IT","og_type":"article","og_title":"Il paradosso della nave di Teseo - ISTUD Imprese","og_description":"Il paradosso della nave di Teseo esprime la questione dell'effettiva persistenza dell'identit\u00e0 originaria per un'entit\u00e0 le cui parti cambiano nel tempo.","og_url":"https:\/\/www.istud.it\/imprese\/il-paradosso-della-nave-di-teseo\/","og_site_name":"ISTUD Imprese","article_publisher":"https:\/\/www.facebook.com\/fondazioneistud\/","article_published_time":"2021-10-25T09:41:06+00:00","article_modified_time":"2021-10-21T09:52:25+00:00","og_image":[{"width":2400,"height":1600,"url":"https:\/\/www.istud.it\/imprese\/wp-content\/uploads\/2021\/10\/identity.jpg","type":"image\/jpeg"}],"twitter_card":"summary","twitter_creator":"@istud_it","twitter_site":"@istud_it","twitter_misc":{"Scritto da":"Mauro Arpino","Tempo di lettura stimato":"2 minuti"},"schema":{"@context":"https:\/\/schema.org","@graph":[{"@type":"WebSite","@id":"https:\/\/www.istud.it\/imprese\/#website","url":"https:\/\/www.istud.it\/imprese\/","name":"ISTUD Imprese","description":"","potentialAction":[{"@type":"SearchAction","target":{"@type":"EntryPoint","urlTemplate":"https:\/\/www.istud.it\/imprese\/?s={search_term_string}"},"query-input":"required name=search_term_string"}],"inLanguage":"it-IT"},{"@type":"ImageObject","@id":"https:\/\/www.istud.it\/imprese\/il-paradosso-della-nave-di-teseo\/#primaryimage","inLanguage":"it-IT","url":"https:\/\/www.istud.it\/imprese\/wp-content\/uploads\/2021\/10\/identity.jpg","contentUrl":"https:\/\/www.istud.it\/imprese\/wp-content\/uploads\/2021\/10\/identity.jpg","width":2400,"height":1600},{"@type":"WebPage","@id":"https:\/\/www.istud.it\/imprese\/il-paradosso-della-nave-di-teseo\/#webpage","url":"https:\/\/www.istud.it\/imprese\/il-paradosso-della-nave-di-teseo\/","name":"Il paradosso della nave di Teseo - ISTUD Imprese","isPartOf":{"@id":"https:\/\/www.istud.it\/imprese\/#website"},"primaryImageOfPage":{"@id":"https:\/\/www.istud.it\/imprese\/il-paradosso-della-nave-di-teseo\/#primaryimage"},"datePublished":"2021-10-25T09:41:06+00:00","dateModified":"2021-10-21T09:52:25+00:00","author":{"@id":"https:\/\/www.istud.it\/imprese\/#\/schema\/person\/e1649a26ad85b4bb1b439ccb8e8787bb"},"description":"Il paradosso della nave di Teseo esprime la questione dell'effettiva persistenza dell'identit\u00e0 originaria per un'entit\u00e0 le cui parti cambiano nel tempo.","breadcrumb":{"@id":"https:\/\/www.istud.it\/imprese\/il-paradosso-della-nave-di-teseo\/#breadcrumb"},"inLanguage":"it-IT","potentialAction":[{"@type":"ReadAction","target":["https:\/\/www.istud.it\/imprese\/il-paradosso-della-nave-di-teseo\/"]}]},{"@type":"BreadcrumbList","@id":"https:\/\/www.istud.it\/imprese\/il-paradosso-della-nave-di-teseo\/#breadcrumb","itemListElement":[{"@type":"ListItem","position":1,"name":"Home","item":"https:\/\/www.istud.it\/imprese\/"},{"@type":"ListItem","position":2,"name":"Il paradosso della nave di Teseo"}]},{"@type":"Person","@id":"https:\/\/www.istud.it\/imprese\/#\/schema\/person\/e1649a26ad85b4bb1b439ccb8e8787bb","name":"Mauro Arpino","image":{"@type":"ImageObject","@id":"https:\/\/www.istud.it\/imprese\/#personlogo","inLanguage":"it-IT","url":"https:\/\/www.istud.it\/imprese\/wp-content\/uploads\/2020\/04\/Mauro-Arpino-e1585839491532-96x96.png","contentUrl":"https:\/\/www.istud.it\/imprese\/wp-content\/uploads\/2020\/04\/Mauro-Arpino-e1585839491532-96x96.png","caption":"Mauro Arpino"},"description":"Mauro Arpino \u00e8 nato nel 1965 e ha compiuto studi in fisica. Ha pubblicato nel 1983, \u201cGiove \u2013 Il pianeta le osservazioni\u201d, la prima monografia in italiano sull\u2019argomento. Per 19 anni ha svolto attivit\u00e0 di conferenziere presso il Civico Planetario di Milano, sia con platee di studenti sia con il pubblico, esponendo decine di conferenze sui pi\u00f9 disparati argomenti astronomici. Frutto di questa attivit\u00e0 \u00e8 il testo \u201cLe idee dell\u2019astronomia \u2013 Come lo studio del cielo ha cambiato il mondo\u201d del 2010, rilasciato con licenza Creative Commons e liberamente scaricabile online.","url":"https:\/\/www.istud.it\/imprese\/author\/marpino\/"}]}},"_links":{"self":[{"href":"https:\/\/www.istud.it\/imprese\/wp-json\/wp\/v2\/posts\/8674"}],"collection":[{"href":"https:\/\/www.istud.it\/imprese\/wp-json\/wp\/v2\/posts"}],"about":[{"href":"https:\/\/www.istud.it\/imprese\/wp-json\/wp\/v2\/types\/post"}],"author":[{"embeddable":true,"href":"https:\/\/www.istud.it\/imprese\/wp-json\/wp\/v2\/users\/123"}],"replies":[{"embeddable":true,"href":"https:\/\/www.istud.it\/imprese\/wp-json\/wp\/v2\/comments?post=8674"}],"version-history":[{"count":1,"href":"https:\/\/www.istud.it\/imprese\/wp-json\/wp\/v2\/posts\/8674\/revisions"}],"predecessor-version":[{"id":8676,"href":"https:\/\/www.istud.it\/imprese\/wp-json\/wp\/v2\/posts\/8674\/revisions\/8676"}],"wp:featuredmedia":[{"embeddable":true,"href":"https:\/\/www.istud.it\/imprese\/wp-json\/wp\/v2\/media\/8677"}],"wp:attachment":[{"href":"https:\/\/www.istud.it\/imprese\/wp-json\/wp\/v2\/media?parent=8674"}],"wp:term":[{"taxonomy":"category","embeddable":true,"href":"https:\/\/www.istud.it\/imprese\/wp-json\/wp\/v2\/categories?post=8674"},{"taxonomy":"post_tag","embeddable":true,"href":"https:\/\/www.istud.it\/imprese\/wp-json\/wp\/v2\/tags?post=8674"}],"curies":[{"name":"wp","href":"https:\/\/api.w.org\/{rel}","templated":true}]}}