{"id":8652,"date":"2021-10-20T11:27:13","date_gmt":"2021-10-20T09:27:13","guid":{"rendered":"https:\/\/www.istud.it\/imprese\/?p=8652"},"modified":"2021-10-20T11:37:34","modified_gmt":"2021-10-20T09:37:34","slug":"ridisegnare-gli-spazi-di-lavoro-a-casa","status":"publish","type":"post","link":"https:\/\/www.istud.it\/imprese\/ridisegnare-gli-spazi-di-lavoro-a-casa\/","title":{"rendered":"Ridisegnare gli spazi di lavoro a casa"},"content":{"rendered":"<p>[vc_row][vc_column][vc_column_text]<\/p>\n<blockquote><p>\u2026 in principio fu la Natura, la Savana, la Grotta, la Terra<\/p><\/blockquote>\n<p>Circa 2 milioni di anni fa, quando\u00a0<strong>l&#8217;uomo primitivo<\/strong>\u00a0faceva i suoi primi passi sulla Terra, la Casa era sicuramente un concetto ancora un po&#8217; astratto e legato al bisogno &#8220;primario&#8221; (per dirla alla Maslow) di sopravvivenza.[\/vc_column_text][\/vc_column][\/vc_row][vc_row][vc_column][vc_single_image image=&#8221;8653&#8243; img_size=&#8221;full&#8221; el_class=&#8221;centered&#8221;][\/vc_column][\/vc_row][vc_row][vc_column][vc_column_text]Per questo la casa dei nostri antenati spesso finiva per coincidere con la\u00a0<strong>Natura<\/strong>\u00a0sotto forma di ripari come anfratti, grotte e caverne. Tali ripari, con la nascita dell\u2019agricoltura e della stanzialit\u00e0, vennero gradualmente sostituiti con &#8220;tetti artificiali&#8221; che l\u2019uomo cominci\u00f2 a costruirsi da solo. Fu forse cos\u00ec che nacquero le\u00a0<strong>prime capanne o palafitte<\/strong>. E fu forse cos\u00ec che finalmente apparve pian piano anche il senso di \u201ccasa\u201d intesa non solo come riparo stabile e solido in cui \u201caccendere il fuoco\u201d, ma anche come &#8220;bene immobile&#8221; legato appunto alla stanzialit\u00e0.<\/p>\n<p>E visto che l\u2019uomo \u00e8 un\u00a0<strong>&#8220;animale sociale&#8221;<\/strong>, la casa divenne via via non solo un luogo da abitare, ma anche da vivere assieme alla famiglia, ai parenti e agli amici. E poi anche un luogo in cui poter lavorare, fabbricare cose e fornire servizi![\/vc_column_text][\/vc_column][\/vc_row][vc_row][vc_column width=&#8221;1\/2&#8243;][vc_single_image image=&#8221;8655&#8243; img_size=&#8221;full&#8221;][\/vc_column][vc_column width=&#8221;1\/2&#8243;][vc_column_text]Se<strong>\u00a0Casa e Lavoro<\/strong>\u00a0hanno spesso finito per &#8220;coabitare&#8221;, con la Rivoluzione Industriale questi sono per\u00f2 diventati due spazi-tempo antitetici.<\/p>\n<p>Ma con l\u2019arrivo della\u00a0<strong>moderna tecnologia,<\/strong>\u00a0gli spazi di lavoro domestici sono tornati prepotentemente alla ribalta grazie a quello che abbiamo impropriamente battezzato &#8220;Smart Working&#8221;. Ma a ben vedere, con questo termine i concetti di Lavoro e Casa sono restati ancora separati: cos\u00ec come in alcuni CCNL, anche nel disposto della nota\u00a0<strong>Legge 81\/2017\u00a0<\/strong>si parla infatti ancora di &#8220;conciliazione&#8221; tra questi due tempi separati, vita e lavoro.<\/p>\n<p>Come allora risolvere questa apparente antinomia? Semplice, cercando di capire\u00a0<strong>&#8220;cos&#8217;\u00e8 oggi il Lavoro&#8221;.<\/strong>[\/vc_column_text][\/vc_column][\/vc_row][vc_row][vc_column][vc_column_text]E qui va fatta una prima osservazione. Sicuramente il\u00a0<strong>Lavoro oggi \u00e8 cambiato<\/strong>. Perch\u00e9 in fondo \u00e8 il Mondo stesso ad essere cambiato! Quindi, se il Lavoro si \u00e8 necessariamente evoluto, altrettanto \u00e8 accaduto nei suoi luoghi \u201cdi produzione\u201d. Luoghi che, <a href=\"https:\/\/www.istud.it\/imprese\/smart-working-smart-office\/\"><strong>come pi\u00f9 volte abbiamo visto<\/strong><\/a>, si sono fortemente intrecciati per adattarsi ai continui e veloci cambiamenti di un mondo globale, connesso, VUCA, liquido ecc. Andando cos\u00ec a riprogettare il Lavoro in senso speculare al significato che oggi, nel mondo moderno, hanno le due parole chiave di Spazio e Tempo.<\/p>\n<p>E&#8217; vero per\u00f2 che il rapporto Casa\/Ufficio non \u00e8 stato sempre ben approfondito: forse molto probabilmente ci\u00f2 \u00e8 dovuto all&#8217;idea che \u2013 considerando lo Smart Working come un \u201cbenefit\u201d da concedere una o due volte alla settimana per conciliare vita &amp; lavoro \u2013 le aziende si sono spesso solo premurate (giustamente) di tutelare\u00a0<em>in primis<\/em>\u00a0il &#8220;Working&#8221;, andando cos\u00ec di fatto a replicare a casa i tempi, i metodi e gli spazi dell\u2019ufficio tradizionale.[\/vc_column_text][\/vc_column][\/vc_row][vc_row][vc_column][vc_single_image image=&#8221;8659&#8243; img_size=&#8221;full&#8221; el_class=&#8221;centered&#8221;][\/vc_column][\/vc_row][vc_row][vc_column width=&#8221;1\/2&#8243;][vc_column_text]Ma, come ormai tutti ben sappiamo, lavorare (anche due o tre giorni alla settimana) da casa\u00a0<strong>non significa tele-trasportare a domicilio il lavoro<\/strong>\u00a0svolto in ufficio. Tra le altre cose, lavorare da casa richiede infatti dal punto di vista organizzativo un\u2019attenzione e una pianificazione maggiore di quella che gi\u00e0, teoricamente, dovremmo agire in ufficio. Anche per evitare, come sappiamo, il rischio di andare oltre le normali ore settimanali e cos\u00ec far entrare i lavoratori in una continua iper-connessione che ha portato molte aziende a introdurre il cd diritto alla\u00a0<strong>disconnessione.<\/strong><\/p>\n<p>[\/vc_column_text][\/vc_column][vc_column width=&#8221;1\/2&#8243;][vc_single_image image=&#8221;8657&#8243; img_size=&#8221;full&#8221;][\/vc_column][\/vc_row][vc_row][vc_column][vc_column_text]<strong>Di pi\u00f9. Lavorare a\/da casa significa anche RIPENSARE GLI SPAZI DOMESTICI.\u00a0<\/strong>Per evitare altri tipi di stress e difficolt\u00e0 produttive. Su questo punto dobbiamo per\u00f2 subito evidenziare che\u00a0<strong>pochissime sono le aziende\u00a0<\/strong>che finora hanno messo in campo vere e proprie soluzioni di supporto reale al\u00a0<em>Work From Home (WFH) redesign<\/em>.<strong>\u00a0<\/strong>Forse perch\u00e9 c\u2019\u00e8 ancora qualche timore nell\u2019entrare \u201ca casa\u201d dei propri dipendenti? forse perch\u00e9 il farlo potrebbe apparire un\u2019ingerenza nella loro Privacy? o forse perch\u00e9, ancora oggi, molte sono le aziende che stanno cercando ancora di capire meglio i \u201cnew ways of working\u201d?<\/p>\n<p>Quale che sia l&#8217;attenzione (o il budget) che si voglia mettere su questo punto, resta il fatto che non possiamo per\u00f2 pi\u00f9 negare che nel &#8220;new normal&#8221; la casa \u00e8 ormai diventata un luogo di lavoro.\u00a0<strong>Se la casa \u00e8 quindi (anche) ufficio<\/strong>, va da s\u00e9 che non solo deve essere resa \u201cdigitalmente abile\u201d ma anche, come tutti gli spazi di lavoro, <strong>curata in tutti i diversi aspetti<\/strong>\u00a0legati all\u2019ergonomia, al benessere, all\u2019illuminazione e \u2013 perch\u00e9 no \u2013 al design e al comfort. In nome di una maggiore produttivit\u00e0 o &#8220;engagement&#8221; o di quella che oggi chiamiamo &#8220;employee experience&#8221;.<\/p>\n<p>Insomma:\u00a0<strong>se ormai sono tante le soluzioni per rendere ibridi i nostri uffici<\/strong>\u00a0&#8211; pensiamo ad esempio all&#8217;uso di spazi \u201cactivity-based\u201d in cui ci si pu\u00f2 ritagliare il proprio luogo di lavoro a seconda delle attivit\u00e0 da fare &#8211; ebbene,\u00a0<strong>perch\u00e9 non fare lo stesso a casa?<\/strong>[\/vc_column_text][\/vc_column][\/vc_row][vc_row][vc_column width=&#8221;1\/2&#8243;][vc_column_text]Ecco perch\u00e9, con il prezioso aiuto di un team di manager, HR, ma anche da architetti, designer, biologi e nutrizionisti, assieme a ISTUD<strong>\u00a0abbiamo voluto pubblicare recentemente un libro<\/strong>\u00a0intitolato\u00a0<a href=\"https:\/\/www.istud.it\/imprese\/smart-homes-for-smart-people-ripensare-gli-spazi-di-lavoro-a-casa\/\"><u>&#8220;Smart Homes for Smart People: ripensare gli spazi di lavoro a casa&#8221;<\/u><\/a>\u00a0che potete trovare in vendita su\u00a0<a href=\"https:\/\/www.amazon.it\/dp\/B095GDFDCP\"><strong>Amazon.<\/strong><\/a><\/p>\n<p>Grazie a questo libro dal taglio grafico moderno, basato su capitoli brevi e ricchi di illustrazioni (e per questo pensabile anche come manuale illustrativo da dare in chiave di\u00a0<em>welfare\u00a0<\/em>ai propri dipendenti), abbiamo riflettuto non solo sulle &#8220;smart skills&#8221; necessarie a lavorare (meglio) al di fuori dal tradizionale ufficio, ma anche ad alcune semplici soluzioni di\u00a0<strong>&#8220;smart home redesign&#8221;.<\/strong>\u00a0Cos\u00ec estendendo il nostro viaggio all&#8217;arredo, all&#8217;illuminazione o alle soluzioni di &#8220;greenery&#8221; ma anche affrontando temi pratici come ecologia ed economia domestica, stress, cibo e salute.[\/vc_column_text][\/vc_column][vc_column width=&#8221;1\/2&#8243;][vc_gallery interval=&#8221;0&#8243; images=&#8221;8415,8660&#8243; img_size=&#8221;full&#8221; onclick=&#8221;&#8221;][\/vc_column][\/vc_row][vc_row][vc_column][vc_column_text]Ecco perch\u00e9 ci aspettiamo che si svilupper\u00e0 molto probabilmente una\u00a0<strong>convivenza bilanciata\u00a0<\/strong>tra WFH, lavoro da remoto e lavoro in ufficio. Cos\u00ec ibridando le 3 aree tipologiche di approfondimento: la casa, l\u2019ufficio e gli spazi d\u2019uso collettivo di prossimit\u00e0 all\u2019abitazione.<\/p>\n<blockquote><p>Non c&#8217;\u00e8 solo in gioco la ricerca di nuove soluzioni di arredo ibrido e multifunzionale, ma la nostra &#8220;soft-skill&#8221; legata alla capacit\u00e0 di adattamento al cambiamento.<\/p><\/blockquote>\n<p>Ma se questa adattabilit\u00e0 pu\u00f2 avere senso non solo in una situazione temporanea, la prospettiva del WFH permanente esige\u00a0<strong>soluzioni diverse<\/strong>\u00a0che possano restituire una vivibilit\u00e0 domestica individuale e familiare altrettanto&#8230; permanente![\/vc_column_text][\/vc_column][\/vc_row][vc_row][vc_column][vc_single_image image=&#8221;8662&#8243; img_size=&#8221;full&#8221; el_class=&#8221;centered&#8221;][\/vc_column][\/vc_row][vc_row][vc_column][vc_column_text]Per questo dovremo ri-iniziare a parlare non solo delle &#8220;grid&#8221; di citt\u00e0 policentriche o di nuova mobilit\u00e0 ma di riallocazione tra lavoro e tempo libero. E quindi anche di<strong>\u00a0nuove &#8220;social skills&#8221; volte a ridare\u00a0<\/strong><strong><em>in primis<\/em><\/strong><strong>\u00a0la centralit\u00e0 al vero e unico\u00a0<\/strong><strong><em>end-user<\/em><\/strong><strong>\u00a0chiamato &#8220;uomo&#8221;.<\/strong><\/p>\n<p>Senza ovviamente dimenticare che &#8211; oltre a ridisegnare le Smart Homes, gli Smart Offices e le Smart Cities &#8211; sar\u00e0 presto necessario<strong>\u00a0ripensare in chiave &#8220;smart&#8221; anche quel luogo da cui tutto ebbe origine.\u00a0<\/strong>Un luogo unico come noi e che &#8211; anche se \u00e8 solo un appartamento nel pi\u00f9 grande Universo &#8211; resta la nostra unica e grande\u00a0<strong>Casa chiamata Terra<\/strong>!<\/p>\n<p><strong>Tutto (o quasi) da rifare?<\/strong>[\/vc_column_text][\/vc_column][\/vc_row][vc_row][vc_column][vc_column_text]<em>PS: questo articolo, assieme a molti altri approfondimenti, \u00e8 disponibile anche nel\u00a0<strong>Podcast\u00a0<\/strong>&#8220;Smart Workplace for Smart People&#8221; disponibile liberamente su\u00a0<\/em><a href=\"https:\/\/anchor.fm\/paolo-donati\/episodes\/Smart-Homes-Redesign-e18c0pe\"><strong><em>ANCHOR\/SPOTIFY<\/em><\/strong><\/a><em>\u00a0<\/em>[\/vc_column_text][\/vc_column][\/vc_row]<\/p>\n","protected":false},"excerpt":{"rendered":"<p>[vc_row][vc_column][vc_column_text] \u2026 in principio fu la Natura, la Savana, la Grotta, la Terra Circa 2 milioni di anni fa, quando\u00a0l&#8217;uomo primitivo\u00a0faceva i suoi primi passi sulla Terra, la Casa era &hellip; <\/p>\n","protected":false},"author":122,"featured_media":8663,"comment_status":"closed","ping_status":"closed","sticky":false,"template":"","format":"standard","meta":[],"categories":[20],"tags":[223,53],"yoast_head":"<!-- This site is optimized with the Yoast SEO plugin v18.4.1 - https:\/\/yoast.com\/wordpress\/plugins\/seo\/ -->\n<title>Ridisegnare gli spazi di lavoro a casa - ISTUD Imprese<\/title>\n<meta name=\"robots\" content=\"index, follow, max-snippet:-1, max-image-preview:large, max-video-preview:-1\" \/>\n<link rel=\"canonical\" href=\"https:\/\/www.istud.it\/imprese\/ridisegnare-gli-spazi-di-lavoro-a-casa\/\" \/>\n<meta property=\"og:locale\" content=\"it_IT\" \/>\n<meta property=\"og:type\" content=\"article\" \/>\n<meta property=\"og:title\" content=\"Ridisegnare gli spazi di lavoro a casa - ISTUD Imprese\" \/>\n<meta property=\"og:description\" content=\"[vc_row][vc_column][vc_column_text] \u2026 in principio fu la Natura, la Savana, la Grotta, la Terra Circa 2 milioni di anni fa, quando\u00a0l&#8217;uomo primitivo\u00a0faceva i suoi primi passi sulla Terra, la Casa era &hellip;\" \/>\n<meta property=\"og:url\" content=\"https:\/\/www.istud.it\/imprese\/ridisegnare-gli-spazi-di-lavoro-a-casa\/\" \/>\n<meta property=\"og:site_name\" content=\"ISTUD Imprese\" \/>\n<meta property=\"article:publisher\" content=\"https:\/\/www.facebook.com\/fondazioneistud\/\" \/>\n<meta property=\"article:published_time\" content=\"2021-10-20T09:27:13+00:00\" \/>\n<meta property=\"article:modified_time\" content=\"2021-10-20T09:37:34+00:00\" \/>\n<meta property=\"og:image\" content=\"https:\/\/www.istud.it\/imprese\/wp-content\/uploads\/2021\/10\/ridisegnare-gli-spazi-di-lavoro-a-casa.jpg\" \/>\n\t<meta property=\"og:image:width\" content=\"624\" \/>\n\t<meta property=\"og:image:height\" content=\"351\" \/>\n\t<meta property=\"og:image:type\" content=\"image\/jpeg\" \/>\n<meta name=\"twitter:card\" content=\"summary\" \/>\n<meta name=\"twitter:creator\" content=\"@istud_it\" \/>\n<meta name=\"twitter:site\" content=\"@istud_it\" \/>\n<meta name=\"twitter:label1\" content=\"Scritto da\" \/>\n\t<meta name=\"twitter:data1\" content=\"Paolo Donati\" \/>\n\t<meta name=\"twitter:label2\" content=\"Tempo di lettura stimato\" \/>\n\t<meta name=\"twitter:data2\" content=\"7 minuti\" \/>\n<script type=\"application\/ld+json\" class=\"yoast-schema-graph\">{\"@context\":\"https:\/\/schema.org\",\"@graph\":[{\"@type\":\"WebSite\",\"@id\":\"https:\/\/www.istud.it\/imprese\/#website\",\"url\":\"https:\/\/www.istud.it\/imprese\/\",\"name\":\"ISTUD Imprese\",\"description\":\"\",\"potentialAction\":[{\"@type\":\"SearchAction\",\"target\":{\"@type\":\"EntryPoint\",\"urlTemplate\":\"https:\/\/www.istud.it\/imprese\/?s={search_term_string}\"},\"query-input\":\"required name=search_term_string\"}],\"inLanguage\":\"it-IT\"},{\"@type\":\"ImageObject\",\"@id\":\"https:\/\/www.istud.it\/imprese\/ridisegnare-gli-spazi-di-lavoro-a-casa\/#primaryimage\",\"inLanguage\":\"it-IT\",\"url\":\"https:\/\/www.istud.it\/imprese\/wp-content\/uploads\/2021\/10\/ridisegnare-gli-spazi-di-lavoro-a-casa.jpg\",\"contentUrl\":\"https:\/\/www.istud.it\/imprese\/wp-content\/uploads\/2021\/10\/ridisegnare-gli-spazi-di-lavoro-a-casa.jpg\",\"width\":624,\"height\":351},{\"@type\":\"WebPage\",\"@id\":\"https:\/\/www.istud.it\/imprese\/ridisegnare-gli-spazi-di-lavoro-a-casa\/#webpage\",\"url\":\"https:\/\/www.istud.it\/imprese\/ridisegnare-gli-spazi-di-lavoro-a-casa\/\",\"name\":\"Ridisegnare gli spazi di lavoro a casa - ISTUD Imprese\",\"isPartOf\":{\"@id\":\"https:\/\/www.istud.it\/imprese\/#website\"},\"primaryImageOfPage\":{\"@id\":\"https:\/\/www.istud.it\/imprese\/ridisegnare-gli-spazi-di-lavoro-a-casa\/#primaryimage\"},\"datePublished\":\"2021-10-20T09:27:13+00:00\",\"dateModified\":\"2021-10-20T09:37:34+00:00\",\"author\":{\"@id\":\"https:\/\/www.istud.it\/imprese\/#\/schema\/person\/28cfed5a518b7b2c84bf8ae73b305868\"},\"breadcrumb\":{\"@id\":\"https:\/\/www.istud.it\/imprese\/ridisegnare-gli-spazi-di-lavoro-a-casa\/#breadcrumb\"},\"inLanguage\":\"it-IT\",\"potentialAction\":[{\"@type\":\"ReadAction\",\"target\":[\"https:\/\/www.istud.it\/imprese\/ridisegnare-gli-spazi-di-lavoro-a-casa\/\"]}]},{\"@type\":\"BreadcrumbList\",\"@id\":\"https:\/\/www.istud.it\/imprese\/ridisegnare-gli-spazi-di-lavoro-a-casa\/#breadcrumb\",\"itemListElement\":[{\"@type\":\"ListItem\",\"position\":1,\"name\":\"Home\",\"item\":\"https:\/\/www.istud.it\/imprese\/\"},{\"@type\":\"ListItem\",\"position\":2,\"name\":\"Ridisegnare gli spazi di lavoro a casa\"}]},{\"@type\":\"Person\",\"@id\":\"https:\/\/www.istud.it\/imprese\/#\/schema\/person\/28cfed5a518b7b2c84bf8ae73b305868\",\"name\":\"Paolo Donati\",\"image\":{\"@type\":\"ImageObject\",\"@id\":\"https:\/\/www.istud.it\/imprese\/#personlogo\",\"inLanguage\":\"it-IT\",\"url\":\"https:\/\/secure.gravatar.com\/avatar\/5c59065252ca0b86ca3dd68f120bde72?s=96&d=mm&r=g\",\"contentUrl\":\"https:\/\/secure.gravatar.com\/avatar\/5c59065252ca0b86ca3dd68f120bde72?s=96&d=mm&r=g\",\"caption\":\"Paolo Donati\"},\"description\":\"Ex Direttore HR, Consulente in Workplace Management, Trainer ma anche appassionato di arte, design e fotografia, Paolo Donati \u2013 dopo un\u2019esperienza di vita all\u2019estero e una laurea in Giurisprudenza presso l\u2019Universit\u00e0 Cattolica di Milano - ha sviluppato la sua carriera professionale lavorando come manager per pi\u00f9 di 15 anni in diverse realt\u00e0 multinazionali. Oggi \u00e8 anche docente presso ISTUD Business School e Trainer presso altre realt\u00e0 aziendali in Italia e all\u2019estero.\",\"url\":\"https:\/\/www.istud.it\/imprese\/author\/pdonati\/\"}]}<\/script>\n<!-- \/ Yoast SEO plugin. -->","yoast_head_json":{"title":"Ridisegnare gli spazi di lavoro a casa - ISTUD Imprese","robots":{"index":"index","follow":"follow","max-snippet":"max-snippet:-1","max-image-preview":"max-image-preview:large","max-video-preview":"max-video-preview:-1"},"canonical":"https:\/\/www.istud.it\/imprese\/ridisegnare-gli-spazi-di-lavoro-a-casa\/","og_locale":"it_IT","og_type":"article","og_title":"Ridisegnare gli spazi di lavoro a casa - ISTUD Imprese","og_description":"[vc_row][vc_column][vc_column_text] \u2026 in principio fu la Natura, la Savana, la Grotta, la Terra Circa 2 milioni di anni fa, quando\u00a0l&#8217;uomo primitivo\u00a0faceva i suoi primi passi sulla Terra, la Casa era &hellip;","og_url":"https:\/\/www.istud.it\/imprese\/ridisegnare-gli-spazi-di-lavoro-a-casa\/","og_site_name":"ISTUD Imprese","article_publisher":"https:\/\/www.facebook.com\/fondazioneistud\/","article_published_time":"2021-10-20T09:27:13+00:00","article_modified_time":"2021-10-20T09:37:34+00:00","og_image":[{"width":624,"height":351,"url":"https:\/\/www.istud.it\/imprese\/wp-content\/uploads\/2021\/10\/ridisegnare-gli-spazi-di-lavoro-a-casa.jpg","type":"image\/jpeg"}],"twitter_card":"summary","twitter_creator":"@istud_it","twitter_site":"@istud_it","twitter_misc":{"Scritto da":"Paolo Donati","Tempo di lettura stimato":"7 minuti"},"schema":{"@context":"https:\/\/schema.org","@graph":[{"@type":"WebSite","@id":"https:\/\/www.istud.it\/imprese\/#website","url":"https:\/\/www.istud.it\/imprese\/","name":"ISTUD Imprese","description":"","potentialAction":[{"@type":"SearchAction","target":{"@type":"EntryPoint","urlTemplate":"https:\/\/www.istud.it\/imprese\/?s={search_term_string}"},"query-input":"required name=search_term_string"}],"inLanguage":"it-IT"},{"@type":"ImageObject","@id":"https:\/\/www.istud.it\/imprese\/ridisegnare-gli-spazi-di-lavoro-a-casa\/#primaryimage","inLanguage":"it-IT","url":"https:\/\/www.istud.it\/imprese\/wp-content\/uploads\/2021\/10\/ridisegnare-gli-spazi-di-lavoro-a-casa.jpg","contentUrl":"https:\/\/www.istud.it\/imprese\/wp-content\/uploads\/2021\/10\/ridisegnare-gli-spazi-di-lavoro-a-casa.jpg","width":624,"height":351},{"@type":"WebPage","@id":"https:\/\/www.istud.it\/imprese\/ridisegnare-gli-spazi-di-lavoro-a-casa\/#webpage","url":"https:\/\/www.istud.it\/imprese\/ridisegnare-gli-spazi-di-lavoro-a-casa\/","name":"Ridisegnare gli spazi di lavoro a casa - ISTUD Imprese","isPartOf":{"@id":"https:\/\/www.istud.it\/imprese\/#website"},"primaryImageOfPage":{"@id":"https:\/\/www.istud.it\/imprese\/ridisegnare-gli-spazi-di-lavoro-a-casa\/#primaryimage"},"datePublished":"2021-10-20T09:27:13+00:00","dateModified":"2021-10-20T09:37:34+00:00","author":{"@id":"https:\/\/www.istud.it\/imprese\/#\/schema\/person\/28cfed5a518b7b2c84bf8ae73b305868"},"breadcrumb":{"@id":"https:\/\/www.istud.it\/imprese\/ridisegnare-gli-spazi-di-lavoro-a-casa\/#breadcrumb"},"inLanguage":"it-IT","potentialAction":[{"@type":"ReadAction","target":["https:\/\/www.istud.it\/imprese\/ridisegnare-gli-spazi-di-lavoro-a-casa\/"]}]},{"@type":"BreadcrumbList","@id":"https:\/\/www.istud.it\/imprese\/ridisegnare-gli-spazi-di-lavoro-a-casa\/#breadcrumb","itemListElement":[{"@type":"ListItem","position":1,"name":"Home","item":"https:\/\/www.istud.it\/imprese\/"},{"@type":"ListItem","position":2,"name":"Ridisegnare gli spazi di lavoro a casa"}]},{"@type":"Person","@id":"https:\/\/www.istud.it\/imprese\/#\/schema\/person\/28cfed5a518b7b2c84bf8ae73b305868","name":"Paolo Donati","image":{"@type":"ImageObject","@id":"https:\/\/www.istud.it\/imprese\/#personlogo","inLanguage":"it-IT","url":"https:\/\/secure.gravatar.com\/avatar\/5c59065252ca0b86ca3dd68f120bde72?s=96&d=mm&r=g","contentUrl":"https:\/\/secure.gravatar.com\/avatar\/5c59065252ca0b86ca3dd68f120bde72?s=96&d=mm&r=g","caption":"Paolo Donati"},"description":"Ex Direttore HR, Consulente in Workplace Management, Trainer ma anche appassionato di arte, design e fotografia, Paolo Donati \u2013 dopo un\u2019esperienza di vita all\u2019estero e una laurea in Giurisprudenza presso l\u2019Universit\u00e0 Cattolica di Milano - ha sviluppato la sua carriera professionale lavorando come manager per pi\u00f9 di 15 anni in diverse realt\u00e0 multinazionali. Oggi \u00e8 anche docente presso ISTUD Business School e Trainer presso altre realt\u00e0 aziendali in Italia e all\u2019estero.","url":"https:\/\/www.istud.it\/imprese\/author\/pdonati\/"}]}},"_links":{"self":[{"href":"https:\/\/www.istud.it\/imprese\/wp-json\/wp\/v2\/posts\/8652"}],"collection":[{"href":"https:\/\/www.istud.it\/imprese\/wp-json\/wp\/v2\/posts"}],"about":[{"href":"https:\/\/www.istud.it\/imprese\/wp-json\/wp\/v2\/types\/post"}],"author":[{"embeddable":true,"href":"https:\/\/www.istud.it\/imprese\/wp-json\/wp\/v2\/users\/122"}],"replies":[{"embeddable":true,"href":"https:\/\/www.istud.it\/imprese\/wp-json\/wp\/v2\/comments?post=8652"}],"version-history":[{"count":5,"href":"https:\/\/www.istud.it\/imprese\/wp-json\/wp\/v2\/posts\/8652\/revisions"}],"predecessor-version":[{"id":8664,"href":"https:\/\/www.istud.it\/imprese\/wp-json\/wp\/v2\/posts\/8652\/revisions\/8664"}],"wp:featuredmedia":[{"embeddable":true,"href":"https:\/\/www.istud.it\/imprese\/wp-json\/wp\/v2\/media\/8663"}],"wp:attachment":[{"href":"https:\/\/www.istud.it\/imprese\/wp-json\/wp\/v2\/media?parent=8652"}],"wp:term":[{"taxonomy":"category","embeddable":true,"href":"https:\/\/www.istud.it\/imprese\/wp-json\/wp\/v2\/categories?post=8652"},{"taxonomy":"post_tag","embeddable":true,"href":"https:\/\/www.istud.it\/imprese\/wp-json\/wp\/v2\/tags?post=8652"}],"curies":[{"name":"wp","href":"https:\/\/api.w.org\/{rel}","templated":true}]}}