{"id":5180,"date":"2019-04-09T10:49:40","date_gmt":"2019-04-09T08:49:40","guid":{"rendered":"https:\/\/www.istud.it\/imprese\/?p=5180"},"modified":"2020-02-11T18:24:28","modified_gmt":"2020-02-11T17:24:28","slug":"diversity-inclusion-in-azienda-istud-wise-growth","status":"publish","type":"post","link":"https:\/\/www.istud.it\/imprese\/diversity-inclusion-in-azienda-istud-wise-growth\/","title":{"rendered":"ISTUD e Wise Growth insieme per valorizzare la pluralit\u00e0 in azienda"},"content":{"rendered":"<p>[vc_row][vc_column][vc_video link=&#8221;https:\/\/youtu.be\/SVUhsCi8hvI&#8221;][\/vc_column][\/vc_row][vc_row][vc_column][vc_column_text]<span style=\"font-weight: 400;\"><strong>Alessandra Lazzara, Faculty ISTUD &#8211; Wise Growth<\/strong>: \u201c<em>Anche dal punto di vista organizzativo la Diversity &amp; Inclusion sta uscendo dalla funzione HR.\u00a0<\/em><\/span><em><span style=\"font-weight: 400;\">Qual \u00e8 l&#8217;obiettivo che le organizzazioni cercano di raggiungere con la D&amp;I?\u00a0<\/span><\/em><span style=\"font-weight: 400;\"><em>Il 95% delle aziende dice che la D&amp;I, le iniziative di D&amp;I sono uno strumento per migliorare il clima aziendale<\/em>\u201d.<\/span><\/p>\n<p><span style=\"font-weight: 400;\"><strong>Alessio Radice, Country Manager ABB:<\/strong> \u201c<em>E\u2019 vero che la diversit\u00e0 oggi anche gestire almeno tre, forse quattro generazioni diverse nel workplace<\/em>\u201d<\/span><\/p>\n<p><span style=\"font-weight: 400;\"><strong>David Bevilacqua, Co-founder &amp; Partner Yoroi:<\/strong> \u201c<em>Il primo tema \u00e8 o il capo azienda ci crede e vuol dire che ci crede vuol dire che \u00e8 emotivamente ingaggiato o se \u00e8 solo intellettualmente ingaggiato perch\u00e9 \u00e8 una cosa giusta per il business funziona poco.<\/em>\u201d<\/span><\/p>\n<p><span style=\"font-weight: 400;\"><strong>Alessandra Lazzara, Faculty ISTUD &#8211; Wise Growth:<\/strong> \u201c<em>Un aspetto particolarmente interessante \u00e8 che per quanto riguarda le multinazionali la promozione della diversit\u00e0 a tutti i livelli gerarchici, e quindi far crescere tutti, diventa l&#8217;obiettivo prioritario.\u00a0<\/em><br \/>\n<\/span><span style=\"font-weight: 400;\"><em>Ma abbiamo poi tre obiettivi che sono tipicamente degli obiettivi di business cio\u00e8 attraverso la D&amp;I di migliorare la performance aziendale, aumentare la competitivit\u00e0 e allo stesso tempo raggiunge una clientela plurale<\/em>\u201d.<\/span>[\/vc_column_text][\/vc_column][\/vc_row][vc_row full_width=&#8221;stretch_row&#8221; css=&#8221;.vc_custom_1510407722784{padding-bottom: 20px !important;background-color: #ececec !important;}&#8221;][vc_column]<div class=\"thim-widget-heading template-base\"><div class=\"sc_heading  \"><h3 style=\"text-transform: uppercase;\" class=\"title\">Diversity &#38; Inclusion: scopri l'offerta formativa di ISTUD e Wise Growth<\/h3><\/div><\/div><aside class=\"ul-custom-css-inline\">\t\t\t\t\t\t\t\t\t\t\r\n\t\t\t\t\t\t\t\t\t\t<style type=\"text\/css\">#ul53966.ultimate-layouts-container .ultimate-layouts-metas-st2 > .ultimate-layouts-metas-wrap{background-color:#f9c623 !important;}#ul53966.ultimate-layouts-container .ultimate-layouts-excerpt,#ul53966.ultimate-layouts-container .ultimate-layouts-excerpt p,#ul53966.ultimate-layouts-container{color:#000000 !important;}#ul53966.ultimate-layouts-container .ultimate-layouts-listing-wrap .ultimate-layouts-item .ultimate-layouts-entry-wrapper{border-color:#ececec !important;}#ul53966.ultimate-layouts-container .ultimate-layouts-listing-wrap .ultimate-layouts-filter-overlay{background-color:#f9c623 !important;}#ul53966.ultimate-layouts-container .ultimate-layouts-control-pop>*:not(:hover){background-color:#f9c623 !important;}#ul53966.ultimate-layouts-container .ultimate-layouts-icon-video:hover:after{border-left-color:#f9c623 !important;}#ul53966.ultimate-layouts-container .ultimate-layouts-icon-lightbox:hover>span span:nth-child(1),#ul53966.ultimate-layouts-container .ultimate-layouts-icon-lightbox:hover>span span:nth-child(2){background-color:#f9c623 !important;}#ul53966.ultimate-layouts-container .ultimate-layouts-icon-lightbox:hover>span span:nth-child(1):before{border-bottom-color:#f9c623 !important;}#ul53966.ultimate-layouts-container .ultimate-layouts-icon-lightbox:hover>span span:nth-child(1):after{border-top-color:#f9c623 !important;}#ul53966.ultimate-layouts-container .ultimate-layouts-icon-lightbox:hover>span span:nth-child(2):before{border-right-color:#f9c623 !important;}#ul53966.ultimate-layouts-container .ultimate-layouts-icon-lightbox:hover>span span:nth-child(2):after{border-left-color:#f9c623 !important;}#ul53966.ultimate-layouts-container .ultimate-layouts-icon-link:hover i.fa{color:#f9c623 !important;}#ul53966.ultimate-layouts-container .ultimate-layouts-readmore-btn:not(:hover){background-color:#f9c623 !important;}#ul53966.ultimate-layouts-container.ultimate-layouts-masonry-mode .ul-masonry-mode-loading .ultimate-layouts-masonry-loading,#ul53966.ultimate-layouts-container .ultimate-layouts-listing-wrap .ultimate-layouts-filter-loading{color:#f9c623 !important;}#ul53966.ultimate-layouts-container .ultimate-layouts-listing-grid-6 .ultimate-layouts-item:hover .ultimate-layouts-absolute-content,#ul53966.ultimate-layouts-container.ultimate-layouts-global-carousel-settings .carousel-wrapper-control .ultimate-layouts-carousel-t-2 .ultimate-layouts-item:hover .ultimate-layouts-absolute-content,#ul53966.ultimate-layouts-container.ultimate-layouts-global-carousel-settings .carousel-wrapper-control .ultimate-layouts-carousel-f-1 .ultimate-layouts-item:hover .ultimate-layouts-absolute-content,#ul53966.ultimate-layouts-container .ultimate-layouts-block-content-9 .ul-block-content-item .ul-block-content-item-layout .ul-cb-style-large .ul-bc-wrapper-listing .ultimate-layouts-item:hover .ultimate-layouts-absolute-content,#ul53966.ultimate-layouts-container .ultimate-layouts-block-content-10 .ul-block-content-item .ul-block-content-item-layout .ul-cb-style-large .ul-bc-wrapper-listing .ultimate-layouts-item:hover .ultimate-layouts-absolute-content,#ul53966.ultimate-layouts-container .ultimate-layouts-block-content-23 .ul-block-content-item .ul-block-content-item-layout .ul-cb-style-large .ul-bc-wrapper-listing .ultimate-layouts-item:hover .ultimate-layouts-absolute-content,#ul53966.ultimate-layouts-container.ultimate-layouts-sync-slider-settings .ultimate-layouts-sync-s-1 .ul-big-slider-wrapper .ultimate-layouts-item:hover .ultimate-layouts-absolute-content,#ul53966.ultimate-layouts-container.ultimate-layouts-sync-slider-settings .ultimate-layouts-sync-s-2 .ul-big-slider-wrapper .ultimate-layouts-item:hover .ultimate-layouts-absolute-content,#ul53966.ultimate-layouts-container.ultimate-layouts-sync-slider-settings .ultimate-layouts-sync-s-1 .ul-small-slider-wrapper .ul-small-slider-content .ultimate-layouts-item .ultimate-layouts-entry-wrapper:hover,#ul53966.ultimate-layouts-container.ultimate-layouts-sync-slider-settings .ultimate-layouts-sync-s-1 .ul-small-slider-wrapper .ul-small-slider-content .ultimate-layouts-item.slick-current.slick-active .ultimate-layouts-entry-wrapper,#ul53966.ultimate-layouts-container.ultimate-layouts-sync-slider-settings .ultimate-layouts-sync-s-2 .ul-small-slider-wrapper .ul-small-slider-content .ultimate-layouts-item:hover,#ul53966.ultimate-layouts-container.ultimate-layouts-sync-slider-settings .ultimate-layouts-sync-s-3 .ul-small-slider-wrapper .ul-small-slider-content .ultimate-layouts-item.slick-current.slick-active .ultimate-layouts-picture-wrap:after\r\n\t\t\t\t\t\t\t{background-color:#f9c623 !important;}#ul53966.ultimate-layouts-container.ultimate-layouts-sync-slider-settings .ultimate-layouts-sync-s-2 .ul-small-slider-wrapper .ul-small-slider-content .ultimate-layouts-item:hover\r\n\t\t\t\t\t\t\t{border-right-color:#f9c623 !important;}#ul53966.ultimate-layouts-container .ultimate-layouts-filter-container .ul-smart-tab-filter{border-bottom-color:#f9c623 !important;}#ul53966.ultimate-layouts-container .ultimate-layouts-filter-container .ul-smart-tab-filter .ul-smart-tab-title-wrap .ul-smart-tab-title{background-color:#f9c623 !important;}#ul53966.ultimate-layouts-container .ul-pagination-wrap .ul-page-numbers .paginationjs .paginationjs-pages ul li.active>a\r\n\t\t\t\t\t\t\t{background-color:#f9c623 !important;border-color:#f9c623 !important;}.ul_quickview_p_ul53966.ul-quick-view-style .ultimate-layouts-woo-element .ultimate-layouts-woo-price-cart-block .ultimate-layouts-woo-cart .add_to_cart_button:not(:hover){background-color:#f9c623 !important;}#ul53966.ultimate-layouts-container .ultimate-layouts-block-content-27 .ul-block-content-item .ul-block-content-item-layout .ul-bc-column.ul-cb-style-listing .ultimate-layouts-item.ul-active-big-post-class,\r\n\t\t\t\t\t\t\t#ul53966.ultimate-layouts-container .ultimate-layouts-block-content-27 .ul-block-content-item .ul-block-content-item-layout .ul-bc-column.ul-cb-style-large .ul-bc-wrapper-listing .ultimate-layouts-item:hover .ultimate-layouts-absolute-content{background-color:#f9c623 !important;}#ul53966.ultimate-layouts-container.ultimate-layouts-global-carousel-settings .carousel-wrapper-control .ultimate-layouts-carousel-t .slick-dots li:hover,\r\n\t\t\t\t\t\t\t#ul53966.ultimate-layouts-container.ultimate-layouts-global-carousel-settings .carousel-wrapper-control .ultimate-layouts-carousel-t .slick-dots li.slick-active\r\n\t\t\t\t\t\t\t{background-color:#f9c623 !important;}#ul53966.ultimate-layouts-container .ultimate-layouts-excerpt .ultimate-layouts-readmore-excerpt:not(:hover){color:#f9c623 !important;}#ul53966.ultimate-layouts-container .ultimate-layouts-filter-container .ul-s-dropdown-filter .ultimate-layouts-sc-filter-container .filter-dropdown-wrapper:not(.active-dropdown) .ul-default-dd-filter\r\n\t\t\t\t\t\t\t{background-color:#f9c623 !important;}#ul53966.ultimate-layouts-container .ultimate-layouts-filter-container .ultimate-layouts-sc-filter-container:not([data-display-type=\"1\"]) .ul-filter-action:not(.active-elm):hover,#ul53966.ultimate-layouts-container .ultimate-layouts-filter-container .ul-smart-tab-filter .ul-filter-elements-wrap .ul-filter-action.active-elm\r\n\t\t\t\t\t\t\t{color:#f9c623 !important;}#ul53966.ultimate-layouts-container .ultimate-layouts-filter-container .ultimate-layouts-sc-filter-container[data-display-type=\"2\"] .nav__dropdown .ul-filter-action:not(.active-elm):hover,#ul53966.ultimate-layouts-container .ultimate-layouts-filter-container .ul-smart-tab-filter .ul-filter-elements-wrap .nav__dropdown .ul-filter-action.active-elm\r\n\t\t\t\t\t\t\t{color:#FFFFFF !important;}#ul53966.ultimate-layouts-container .ultimate-layouts-filter-container .ul-smart-tab-filter .ul-smart-tab-title-wrap .ul-smart-tab-title,#ul53966.ultimate-layouts-container .ultimate-layouts-filter-container .ul-smart-tab-filter .ul-smart-tab-title-wrap .ul-smart-tab-title a,#ul53966.ultimate-layouts-container .ultimate-layouts-filter-container .ul-smart-tab-filter .ul-smart-tab-title-wrap .ul-smart-tab-title a:focus{color:#ffffff !important;}#ul53966.ultimate-layouts-container .ultimate-layouts-filter-container .ul-smart-tab-filter{border-bottom-color:#f9c623 !important;}#ul53966.ultimate-layouts-container .ultimate-layouts-filter-container .ul-smart-tab-filter .ul-smart-tab-title-wrap .ul-smart-tab-title{background-color:#f9c623 !important;}<\/style>\r\n\t\t\t\t\t\t\t\t\t\t<h6>h6<\/h6>\r\n\t\t\t\t\t\t\t\t\t<\/aside><script>if(typeof(ultimate_layouts_ajax_url)==\"undefined\"){var ultimate_layouts_ajax_url=[]};ultimate_layouts_ajax_url[\"ul53966\"]=\"https:\/\/www.istud.it\/imprese\/wp-admin\/admin-ajax.php\";if(typeof(ultimate_layouts_query_params)==\"undefined\"){var ultimate_layouts_query_params=[]};ultimate_layouts_query_params[\"ul53966\"]={\"post_types\":\"page\",\"i_attachment\":\"\",\"taxonomies\":\"category\",\"multi_post_types\":\"\",\"multi_taxonomies\":\"\",\"query_types\":\"0\",\"i_taxonomies\":\"201\",\"e_taxonomies\":\"\",\"i_ids\":\"\",\"cq_operator\":\"1\",\"e_ids\":\"\",\"query_author\":\"\",\"query_offset\":\"\",\"query_include_children\":\"1\",\"today_post\":\"0\",\"datetime_meta\":\"\",\"woo_query\":\"0\",\"post_count\":\"-1\",\"posts_per_page\":\"-1\"};if(typeof(ultimate_layouts_filter)==\"undefined\"){var ultimate_layouts_filter=[]};ultimate_layouts_filter[\"ul53966\"]=\"\";if(typeof(ultimate_layouts_order)==\"undefined\"){var ultimate_layouts_order=[]};ultimate_layouts_order[\"ul53966\"]=\"DESC\";if(typeof(ultimate_layouts_orderby)==\"undefined\"){var ultimate_layouts_orderby=[]};ultimate_layouts_orderby[\"ul53966\"]=\"title\";if(typeof(ultimate_layouts_sub_opt_query)==\"undefined\"){var ultimate_layouts_sub_opt_query=[]};ultimate_layouts_sub_opt_query[\"ul53966\"]={\"meta_key_query\":\"\",\"paged\":1,\"first_query\":\"on\",\"total_pages\":-5,\"items_last_page\":0};if(typeof(ultimate_layouts_options)==\"undefined\"){var ultimate_layouts_options=[]};ultimate_layouts_options[\"ul53966\"]={\"layout_style\":\"1\",\"button_gallery_name\":\"Gallery\",\"grid_style\":\"0\",\"list_style\":\"0\",\"carousel_t_style\":\"2\",\"carousel_f_style\":\"0\",\"creative_style\":\"0\",\"timeline_style\":\"0\",\"block_content_style\":\"0\",\"sync_slider_style\":\"0\",\"grid_masonry\":\"0\",\"show_arrows\":\"1\",\"arrows_outside\":\"0\",\"show_dots\":\"1\",\"infinite\":\"1\",\"autoplay\":\"1\",\"autoplayspeed\":5000,\"scrollperpage\":\"1\",\"speed\":500,\"centermode\":\"0\",\"sync_slider_height_d\":\"\",\"sync_slider_height_t\":\"\",\"sync_slider_height_m\":\"\",\"sync_slider_width_d\":\"\",\"sync_slider_width_t\":\"\",\"sync_slider_width_m\":\"\",\"show_elements\":\"0\",\"av_content\":\"0\",\"cc_mobile\":\"1\",\"cc_portrait_tablet\":\"2\",\"cc_landscape_tablet\":\"2\",\"cc_small_desktop\":\"3\",\"cc_medium_desktop\":\"3\",\"cc_large_desktop\":\"3\",\"cc_extra_large_desktop\":\"3\",\"image_size\":\"400x300_ul_grid_4_3_1x\",\"image_size_s\":\"thumbnail\",\"s_image\":\"1\",\"s_image_link\":\"1\",\"s_image_link_target\":\"0\",\"s_icon_lightbox_video\":\"0\",\"video_url_meta\":\"0\",\"video_url_meta_key\":\"\",\"s_icon_lightbox_image\":\"0\",\"s_icon_link\":\"0\",\"s_icon_link_target\":\"0\",\"s_image_hover_effect\":\"0\",\"s_overlay_hover_effect\":\"\",\"s_overlay_settings\":\"0\",\"s_overlay_color\":\"\",\"s_image_post_format\":\"0\",\"s_image_post_format_pos\":\"ul-bottom-right\",\"s_image_avatar\":\"0\",\"s_title\":\"1\",\"s_title_limit\":\"0\",\"s_title_link\":\"1\",\"s_title_link_target\":\"0\",\"s_excerpt\":\"0\",\"s_excerpt_rbtn\":\"0\",\"s_excerpt_f\":\"get_the_excerpt\",\"s_excerpt_sc\":\"1\",\"s_excerpt_sh\":\"1\",\"s_excerpt_length\":0,\"s_categories\":\"0\",\"s_s_categories\":\"0\",\"s_s_categories_parent\":\"0\",\"ex_items_taxonomies\":\"\",\"s_c_categories\":\"0\",\"s_ct_categories\":\"\",\"s_cb_categories\":\"\",\"s_categories_target\":\"0\",\"s_metas_o\":\"1\",\"s_metas_o_author\":\"0\",\"s_metas_o_author_avatar\":\"0\",\"s_metas_o_time\":\"0\",\"time_format\":\"F j, Y\",\"s_metas_o_comment\":\"0\",\"s_metas_o_like\":\"0\",\"s_metas_o_share\":\"0\",\"custom_meta_o\":\"\",\"s_metas_t\":\"1\",\"s_metas_t_author\":\"0\",\"s_metas_t_author_avatar\":\"0\",\"s_metas_t_time\":\"0\",\"time_format_t\":\"F j, Y\",\"s_metas_t_comment\":\"0\",\"s_metas_t_like\":\"1\",\"s_metas_t_share\":\"1\",\"custom_meta_t\":\"\",\"s_metas_t_readmore\":\"1\",\"s_metas_t_readmore_link_target\":\"0\",\"share_text\":\"Condividi\",\"read_more_text\":\"Leggi tutto\",\"before_author_text\":\"\",\"pagination\":\"0\",\"loadmore_text\":\"\",\"prev_text\":\"\",\"next_text\":\"\",\"animate\":\"default\",\"lazyload\":\"0\",\"lazyload_p\":\"\",\"geodirectory_rating\":\"0\",\"quick_view\":\"1\",\"quick_view_mode\":\"0\",\"extra_class\":\"\",\"rnd_id\":\"ul53966\",\"s_title_small\":\"1\",\"s_title_limit_small\":\"0\",\"s_title_link_small\":\"1\",\"s_title_link_target_small\":\"0\",\"s_categories_small\":\"1\",\"s_s_categories_small\":\"0\",\"s_s_categories_parent_small\":\"0\",\"ex_items_taxonomies_small\":\"\",\"s_c_categories_small\":\"0\",\"s_ct_categories_small\":\"\",\"s_cb_categories_small\":\"\",\"s_categories_target_small\":\"0\",\"s_metas_o_small\":\"1\",\"s_metas_o_author_small\":\"1\",\"s_metas_o_author_avatar_small\":\"0\",\"s_metas_o_time_small\":\"1\",\"time_format_small\":\"F j, Y\",\"s_metas_o_comment_small\":\"1\",\"s_metas_o_like_small\":\"0\",\"s_metas_o_share_small\":\"0\",\"custom_meta_o_small\":\"\",\"woo_show_price\":\"0\",\"woo_show_rating\":\"0\",\"woo_show_cart\":\"0\",\"qv_s_title\":\"1\",\"qv_s_categories\":\"1\",\"qv_s_s_categories\":\"1\",\"qv_s_s_categories_parent\":\"1\",\"qv_ex_items_taxonomies\":\"\",\"qv_s_c_categories\":\"0\",\"qv_s_ct_categories\":\"\",\"qv_s_cb_categories\":\"\",\"qv_s_categories_target\":\"0\",\"qv_s_metas_o\":\"1\",\"qv_s_metas_o_author\":\"1\",\"qv_s_metas_o_author_avatar\":\"0\",\"qv_s_metas_o_time\":\"1\",\"qv_time_format\":\"j F Y\",\"qv_s_metas_o_comment\":\"0\",\"qv_s_metas_o_like\":\"0\",\"qv_custom_meta_o\":\"\",\"qv_show_content\":\"1\",\"qv_content_stripsc\":\"0\",\"qv_show_share\":\"1\",\"qv_woo_show_rating\":\"0\",\"qv_s_featured_image\":\"1\",\"goo_ads_client\":\"\",\"goo_ads_id\":\"\",\"goo_ads_offset\":\"1\",\"css_class\":\"\"};<\/script><div id=\"ul53966\" class=\"ultimate-layouts-container ultimate-layouts-wrapper-control ultimate-layouts-global-carousel-settings    \"><div class=\"pagination-prev\"><i class=\"fa fa-angle-left\" aria-hidden=\"true\"><\/i><\/div><div class=\"pagination-next\"><i class=\"fa fa-angle-right\" aria-hidden=\"true\"><\/i><\/div><div class=\"carousel-wrapper-control\"><div class=\"\r\n\t\t\t\t\t\t\t\t\t\t\t\t\tultimate-layouts-listing-wrap \r\n\t\t\t\t\t\t\t\t\t\t\t\t\tultimate-layouts-carousel-t\r\n\t\t\t\t\t\t\t\t\t\t\t\t\tultimate-layouts-carousel-t-3\r\n\t\t\t\t\t\t\t\t\t\t\t\t\t\r\n\t\t\t\t\t\t\t\t\t\t\t\t\tultimate-layouts-effect-icon\t\t\t\t\t\t\t\t\t\t\t\t\r\n\t\t\t\t\t\t\t\t\t\t\t\t\t ultimate-layouts-col-1 ultimate-layouts-col-pt-2 ultimate-layouts-col-lt-2 ultimate-layouts-col-sm-3 ultimate-layouts-col-md-3 ultimate-layouts-col-lg-3 ultimate-layouts-col-el-3\r\n\t\t\t\t\t\t\t\t\t\t\t\t\"><!--post item--> \r\n<article class=\"ultimate-layouts-item hentry\" data-server-index=\"1\">\r\n    <!--entry content-->\r\n    <div class=\"ultimate-layouts-entry-wrapper entry-content\">    \r\n        <!--picture-->\r\n                    <div class=\"ultimate-layouts-picture\">               \r\n                <div class=\"ultimate-layouts-picture-wrap ultimate-layouts-get-pic\">\r\n                    <a  data-post-id=\"4603\" href=\"https:\/\/www.istud.it\/imprese\/formazione-interaziendale-per-manager\/sviluppo-professionale-al-femminile-difficolta-e-soluzioni\/\" title=\"Sviluppo professionale al femminile: difficolt\u00e0 e soluzioni\"   class=\"ultimate-layouts-picture-link\"><img class=\"ultimate-layouts-img  \" src=\"https:\/\/www.istud.it\/imprese\/wp-content\/uploads\/2021\/04\/sviluppo-professionale-femminile-400x300.jpg\" srcset=\"https:\/\/www.istud.it\/imprese\/wp-content\/uploads\/2021\/04\/sviluppo-professionale-femminile-400x300.jpg 400w, https:\/\/www.istud.it\/imprese\/wp-content\/uploads\/2021\/04\/sviluppo-professionale-femminile-800x600.jpg 800w, https:\/\/www.istud.it\/imprese\/wp-content\/uploads\/2021\/04\/sviluppo-professionale-femminile-1200x900.jpg 1200w\" sizes=\"(max-width: 400px) 100vw, 400px\" alt=\"sviluppo-professionale-femminile\"\/><\/a> \r\n                                                      \r\n                    <div class=\"ultimate-layouts-absolute-gradient\"><\/div> \r\n                    <div class=\"ultimate-layouts-control-pop \"><\/div>                            \r\n                    <div class=\"ultimate-layouts-absolute-content\">                \r\n                                        \r\n                        <h3 class=\"ultimate-layouts-title white-style font-size-16 entry-title  \"><a  data-post-id=\"4603\" href=\"https:\/\/www.istud.it\/imprese\/formazione-interaziendale-per-manager\/sviluppo-professionale-al-femminile-difficolta-e-soluzioni\/\" title=\"Sviluppo professionale al femminile: difficolt\u00e0 e soluzioni\"   class=\"ultimate-layouts-title-link\">Sviluppo professionale al femminile: difficolt\u00e0 e soluzioni<\/a><\/h3> \r\n                        <div class=\"ultimate-layouts-metas silver-style posted-on \"><div class=\"ultimate-layouts-metas-wrap\"><\/div><\/div>  \r\n                                        \r\n                    <\/div>                 \r\n                <\/div>                                                   \r\n            <\/div>\r\n            \r\n        <!--picture-->\r\n        <!--content-->  \r\n                                                    \r\n    <\/div><!--entry content-->            \r\n<\/article><!--post item--><!--post item--> \r\n<article class=\"ultimate-layouts-item hentry\" data-server-index=\"2\">\r\n    <!--entry content-->\r\n    <div class=\"ultimate-layouts-entry-wrapper entry-content\">    \r\n        <!--picture-->\r\n                    <div class=\"ultimate-layouts-picture\">               \r\n                <div class=\"ultimate-layouts-picture-wrap ultimate-layouts-get-pic\">\r\n                    <a  data-post-id=\"4609\" href=\"https:\/\/www.istud.it\/imprese\/formazione-interaziendale-per-manager\/ponti-interculturali-collaborare-tra-culture-diverse\/\" title=\"Ponti interculturali: collaborare tra culture diverse\"   class=\"ultimate-layouts-picture-link\"><img class=\"ultimate-layouts-img  \" src=\"https:\/\/www.istud.it\/imprese\/wp-content\/uploads\/2023\/04\/Ponti-interculturali-collaborare-tra-culture-diverse-1-400x300.jpg\" srcset=\"https:\/\/www.istud.it\/imprese\/wp-content\/uploads\/2023\/04\/Ponti-interculturali-collaborare-tra-culture-diverse-1-400x300.jpg 400w, https:\/\/www.istud.it\/imprese\/wp-content\/uploads\/2023\/04\/Ponti-interculturali-collaborare-tra-culture-diverse-1-800x600.jpg 800w, https:\/\/www.istud.it\/imprese\/wp-content\/uploads\/2023\/04\/Ponti-interculturali-collaborare-tra-culture-diverse-1-1200x900.jpg 1200w\" sizes=\"(max-width: 400px) 100vw, 400px\" alt=\"Ponti interculturali collaborare tra culture diverse (1)\"\/><\/a> \r\n                                                      \r\n                    <div class=\"ultimate-layouts-absolute-gradient\"><\/div> \r\n                    <div class=\"ultimate-layouts-control-pop \"><\/div>                            \r\n                    <div class=\"ultimate-layouts-absolute-content\">                \r\n                                        \r\n                        <h3 class=\"ultimate-layouts-title white-style font-size-16 entry-title  \"><a  data-post-id=\"4609\" href=\"https:\/\/www.istud.it\/imprese\/formazione-interaziendale-per-manager\/ponti-interculturali-collaborare-tra-culture-diverse\/\" title=\"Ponti interculturali: collaborare tra culture diverse\"   class=\"ultimate-layouts-title-link\">Ponti interculturali: collaborare tra culture diverse<\/a><\/h3> \r\n                        <div class=\"ultimate-layouts-metas silver-style posted-on \"><div class=\"ultimate-layouts-metas-wrap\"><\/div><\/div>  \r\n                                        \r\n                    <\/div>                 \r\n                <\/div>                                                   \r\n            <\/div>\r\n            \r\n        <!--picture-->\r\n        <!--content-->  \r\n                                                    \r\n    <\/div><!--entry content-->            \r\n<\/article><!--post item--><!--post item--> \r\n<article class=\"ultimate-layouts-item hentry\" data-server-index=\"3\">\r\n    <!--entry content-->\r\n    <div class=\"ultimate-layouts-entry-wrapper entry-content\">    \r\n        <!--picture-->\r\n                    <div class=\"ultimate-layouts-picture\">               \r\n                <div class=\"ultimate-layouts-picture-wrap ultimate-layouts-get-pic\">\r\n                    <a  data-post-id=\"4594\" href=\"https:\/\/www.istud.it\/imprese\/formazione-interaziendale-per-manager\/linclusione-quotidiana-rispetto-e-comportamento-organizzativo\/\" title=\"L\u2019inclusione quotidiana: rispetto e comportamento organizzativo\"   class=\"ultimate-layouts-picture-link\"><img class=\"ultimate-layouts-img  \" src=\"https:\/\/www.istud.it\/imprese\/wp-content\/uploads\/2023\/04\/Linclusione-quotidiana-rispetto-e-comportamento-organizzativo-1-400x300.jpg\" srcset=\"https:\/\/www.istud.it\/imprese\/wp-content\/uploads\/2023\/04\/Linclusione-quotidiana-rispetto-e-comportamento-organizzativo-1-400x300.jpg 400w, https:\/\/www.istud.it\/imprese\/wp-content\/uploads\/2023\/04\/Linclusione-quotidiana-rispetto-e-comportamento-organizzativo-1-800x600.jpg 800w, https:\/\/www.istud.it\/imprese\/wp-content\/uploads\/2023\/04\/Linclusione-quotidiana-rispetto-e-comportamento-organizzativo-1-1200x900.jpg 1200w\" sizes=\"(max-width: 400px) 100vw, 400px\" alt=\"L\u2019inclusione quotidiana rispetto e comportamento organizzativo (1)\"\/><\/a> \r\n                                                      \r\n                    <div class=\"ultimate-layouts-absolute-gradient\"><\/div> \r\n                    <div class=\"ultimate-layouts-control-pop \"><\/div>                            \r\n                    <div class=\"ultimate-layouts-absolute-content\">                \r\n                                        \r\n                        <h3 class=\"ultimate-layouts-title white-style font-size-16 entry-title  \"><a  data-post-id=\"4594\" href=\"https:\/\/www.istud.it\/imprese\/formazione-interaziendale-per-manager\/linclusione-quotidiana-rispetto-e-comportamento-organizzativo\/\" title=\"L\u2019inclusione quotidiana: rispetto e comportamento organizzativo\"   class=\"ultimate-layouts-title-link\">L\u2019inclusione quotidiana: rispetto e comportamento organizzativo<\/a><\/h3> \r\n                        <div class=\"ultimate-layouts-metas silver-style posted-on \"><div class=\"ultimate-layouts-metas-wrap\"><\/div><\/div>  \r\n                                        \r\n                    <\/div>                 \r\n                <\/div>                                                   \r\n            <\/div>\r\n            \r\n        <!--picture-->\r\n        <!--content-->  \r\n                                                    \r\n    <\/div><!--entry content-->            \r\n<\/article><!--post item--><!--post item--> \r\n<article class=\"ultimate-layouts-item hentry\" data-server-index=\"4\">\r\n    <!--entry content-->\r\n    <div class=\"ultimate-layouts-entry-wrapper entry-content\">    \r\n        <!--picture-->\r\n                    <div class=\"ultimate-layouts-picture\">               \r\n                <div class=\"ultimate-layouts-picture-wrap ultimate-layouts-get-pic\">\r\n                    <a  data-post-id=\"4615\" href=\"https:\/\/www.istud.it\/imprese\/formazione-interaziendale-per-manager\/disabilita-e-lavoro-strumenti-e-competenze-per-incontrare-e-integrare\/\" title=\"Disabilit\u00e0 e lavoro: strumenti e competenze per incontrare e integrare\"   class=\"ultimate-layouts-picture-link\"><img class=\"ultimate-layouts-img  \" src=\"https:\/\/www.istud.it\/imprese\/wp-content\/uploads\/2023\/04\/Disabilita-e-lavoro-strumenti-e-competenze-per-incontrare-e-integrare-1-400x300.jpg\" srcset=\"https:\/\/www.istud.it\/imprese\/wp-content\/uploads\/2023\/04\/Disabilita-e-lavoro-strumenti-e-competenze-per-incontrare-e-integrare-1-400x300.jpg 400w, https:\/\/www.istud.it\/imprese\/wp-content\/uploads\/2023\/04\/Disabilita-e-lavoro-strumenti-e-competenze-per-incontrare-e-integrare-1-800x600.jpg 800w, https:\/\/www.istud.it\/imprese\/wp-content\/uploads\/2023\/04\/Disabilita-e-lavoro-strumenti-e-competenze-per-incontrare-e-integrare-1-1200x900.jpg 1200w\" sizes=\"(max-width: 400px) 100vw, 400px\" alt=\"Disabilit\u00e0 e lavoro strumenti e competenze per incontrare e integrare (1)\"\/><\/a> \r\n                                                      \r\n                    <div class=\"ultimate-layouts-absolute-gradient\"><\/div> \r\n                    <div class=\"ultimate-layouts-control-pop \"><\/div>                            \r\n                    <div class=\"ultimate-layouts-absolute-content\">                \r\n                                        \r\n                        <h3 class=\"ultimate-layouts-title white-style font-size-16 entry-title  \"><a  data-post-id=\"4615\" href=\"https:\/\/www.istud.it\/imprese\/formazione-interaziendale-per-manager\/disabilita-e-lavoro-strumenti-e-competenze-per-incontrare-e-integrare\/\" title=\"Disabilit\u00e0 e lavoro: strumenti e competenze per incontrare e integrare\"   class=\"ultimate-layouts-title-link\">Disabilit\u00e0 e lavoro: strumenti e competenze per incontrare e integrare<\/a><\/h3> \r\n                        <div class=\"ultimate-layouts-metas silver-style posted-on \"><div class=\"ultimate-layouts-metas-wrap\"><\/div><\/div>  \r\n                                        \r\n                    <\/div>                 \r\n                <\/div>                                                   \r\n            <\/div>\r\n            \r\n        <!--picture-->\r\n        <!--content-->  \r\n                                                    \r\n    <\/div><!--entry content-->            \r\n<\/article><!--post item--><!--post item--> \r\n<article class=\"ultimate-layouts-item hentry\" data-server-index=\"5\">\r\n    <!--entry content-->\r\n    <div class=\"ultimate-layouts-entry-wrapper entry-content\">    \r\n        <!--picture-->\r\n                    <div class=\"ultimate-layouts-picture\">               \r\n                <div class=\"ultimate-layouts-picture-wrap ultimate-layouts-get-pic\">\r\n                    <a  data-post-id=\"4611\" href=\"https:\/\/www.istud.it\/imprese\/formazione-interaziendale-per-manager\/age-management-costruire-dialoghi-tra-le-generazioni\/\" title=\"Age management: costruire dialoghi tra le generazioni\"   class=\"ultimate-layouts-picture-link\"><img class=\"ultimate-layouts-img  \" src=\"https:\/\/www.istud.it\/imprese\/wp-content\/uploads\/2021\/04\/age-management-400x300.jpg\" srcset=\"https:\/\/www.istud.it\/imprese\/wp-content\/uploads\/2021\/04\/age-management-400x300.jpg 400w, https:\/\/www.istud.it\/imprese\/wp-content\/uploads\/2021\/04\/age-management-800x600.jpg 800w, https:\/\/www.istud.it\/imprese\/wp-content\/uploads\/2021\/04\/age-management-1200x900.jpg 1200w\" sizes=\"(max-width: 400px) 100vw, 400px\" alt=\"age-management\"\/><\/a> \r\n                                                      \r\n                    <div class=\"ultimate-layouts-absolute-gradient\"><\/div> \r\n                    <div class=\"ultimate-layouts-control-pop \"><\/div>                            \r\n                    <div class=\"ultimate-layouts-absolute-content\">                \r\n                                        \r\n                        <h3 class=\"ultimate-layouts-title white-style font-size-16 entry-title  \"><a  data-post-id=\"4611\" href=\"https:\/\/www.istud.it\/imprese\/formazione-interaziendale-per-manager\/age-management-costruire-dialoghi-tra-le-generazioni\/\" title=\"Age management: costruire dialoghi tra le generazioni\"   class=\"ultimate-layouts-title-link\">Age management: costruire dialoghi tra le generazioni<\/a><\/h3> \r\n                        <div class=\"ultimate-layouts-metas silver-style posted-on \"><div class=\"ultimate-layouts-metas-wrap\"><\/div><\/div>  \r\n                                        \r\n                    <\/div>                 \r\n                <\/div>                                                   \r\n            <\/div>\r\n            \r\n        <!--picture-->\r\n        <!--content-->  \r\n                                                    \r\n    <\/div><!--entry content-->            \r\n<\/article><!--post item--><\/div><\/div><\/div>[\/vc_column][\/vc_row]<\/p>\n","protected":false},"excerpt":{"rendered":"<p>[vc_row][vc_column][vc_video link=&#8221;https:\/\/youtu.be\/SVUhsCi8hvI&#8221;][\/vc_column][\/vc_row][vc_row][vc_column][vc_column_text]Alessandra Lazzara, Faculty ISTUD &#8211; Wise Growth: \u201cAnche dal punto di vista organizzativo la Diversity &amp; Inclusion sta uscendo dalla funzione HR.\u00a0Qual \u00e8 l&#8217;obiettivo che le organizzazioni cercano di &hellip; <\/p>\n","protected":false},"author":89,"featured_media":5183,"comment_status":"closed","ping_status":"closed","sticky":false,"template":"","format":"standard","meta":[],"categories":[201,63],"tags":[206,166,71],"yoast_head":"<!-- This site is optimized with the Yoast SEO plugin v18.4.1 - https:\/\/yoast.com\/wordpress\/plugins\/seo\/ -->\n<title>ISTUD e Wise Growth insieme per valorizzare la pluralit\u00e0 in azienda - ISTUD Imprese<\/title>\n<meta name=\"description\" content=\"Valorizzare la diversit\u00e0 e l\u2019inclusione in azienda per generare crescita, opportunit\u00e0, engagement, risultati. Gender, ageing, multiculturalit\u00e0, disabilit\u00e0. Scopri la nuova proposta di formazione sulla Diversity &amp; Inclusion ISTUD - Wise Growth\" \/>\n<meta name=\"robots\" content=\"index, follow, max-snippet:-1, max-image-preview:large, max-video-preview:-1\" \/>\n<link rel=\"canonical\" href=\"https:\/\/www.istud.it\/imprese\/diversity-inclusion-in-azienda-istud-wise-growth\/\" \/>\n<meta property=\"og:locale\" content=\"it_IT\" \/>\n<meta property=\"og:type\" content=\"article\" \/>\n<meta property=\"og:title\" content=\"ISTUD e Wise Growth insieme per valorizzare la pluralit\u00e0 in azienda - ISTUD Imprese\" \/>\n<meta property=\"og:description\" content=\"Valorizzare la diversit\u00e0 e l\u2019inclusione in azienda per generare crescita, opportunit\u00e0, engagement, risultati. Gender, ageing, multiculturalit\u00e0, disabilit\u00e0. Scopri la nuova proposta di formazione sulla Diversity &amp; Inclusion ISTUD - Wise Growth\" \/>\n<meta property=\"og:url\" content=\"https:\/\/www.istud.it\/imprese\/diversity-inclusion-in-azienda-istud-wise-growth\/\" \/>\n<meta property=\"og:site_name\" content=\"ISTUD Imprese\" \/>\n<meta property=\"article:publisher\" content=\"https:\/\/www.facebook.com\/fondazioneistud\/\" \/>\n<meta property=\"article:published_time\" content=\"2019-04-09T08:49:40+00:00\" \/>\n<meta property=\"article:modified_time\" content=\"2020-02-11T17:24:28+00:00\" \/>\n<meta property=\"og:image\" content=\"https:\/\/www.istud.it\/imprese\/wp-content\/uploads\/2019\/04\/diversity-and-inclusion-video.jpg\" \/>\n\t<meta property=\"og:image:width\" content=\"1838\" \/>\n\t<meta property=\"og:image:height\" content=\"996\" \/>\n\t<meta property=\"og:image:type\" content=\"image\/jpeg\" \/>\n<meta name=\"twitter:card\" content=\"summary\" \/>\n<meta name=\"twitter:creator\" content=\"@istud_it\" \/>\n<meta name=\"twitter:site\" content=\"@istud_it\" \/>\n<meta name=\"twitter:label1\" content=\"Scritto da\" \/>\n\t<meta name=\"twitter:data1\" content=\"ISTUD\" \/>\n\t<meta name=\"twitter:label2\" content=\"Tempo di lettura stimato\" \/>\n\t<meta name=\"twitter:data2\" content=\"2 minuti\" \/>\n<script type=\"application\/ld+json\" class=\"yoast-schema-graph\">{\"@context\":\"https:\/\/schema.org\",\"@graph\":[{\"@type\":\"WebSite\",\"@id\":\"https:\/\/www.istud.it\/imprese\/#website\",\"url\":\"https:\/\/www.istud.it\/imprese\/\",\"name\":\"ISTUD Imprese\",\"description\":\"\",\"potentialAction\":[{\"@type\":\"SearchAction\",\"target\":{\"@type\":\"EntryPoint\",\"urlTemplate\":\"https:\/\/www.istud.it\/imprese\/?s={search_term_string}\"},\"query-input\":\"required name=search_term_string\"}],\"inLanguage\":\"it-IT\"},{\"@type\":\"ImageObject\",\"@id\":\"https:\/\/www.istud.it\/imprese\/diversity-inclusion-in-azienda-istud-wise-growth\/#primaryimage\",\"inLanguage\":\"it-IT\",\"url\":\"https:\/\/www.istud.it\/imprese\/wp-content\/uploads\/2019\/04\/diversity-and-inclusion-video.jpg\",\"contentUrl\":\"https:\/\/www.istud.it\/imprese\/wp-content\/uploads\/2019\/04\/diversity-and-inclusion-video.jpg\",\"width\":1838,\"height\":996,\"caption\":\"ISTUD e Wise Growth: Diversity & Inclusion\"},{\"@type\":\"WebPage\",\"@id\":\"https:\/\/www.istud.it\/imprese\/diversity-inclusion-in-azienda-istud-wise-growth\/#webpage\",\"url\":\"https:\/\/www.istud.it\/imprese\/diversity-inclusion-in-azienda-istud-wise-growth\/\",\"name\":\"ISTUD e Wise Growth insieme per valorizzare la pluralit\u00e0 in azienda - ISTUD Imprese\",\"isPartOf\":{\"@id\":\"https:\/\/www.istud.it\/imprese\/#website\"},\"primaryImageOfPage\":{\"@id\":\"https:\/\/www.istud.it\/imprese\/diversity-inclusion-in-azienda-istud-wise-growth\/#primaryimage\"},\"datePublished\":\"2019-04-09T08:49:40+00:00\",\"dateModified\":\"2020-02-11T17:24:28+00:00\",\"author\":{\"@id\":\"https:\/\/www.istud.it\/imprese\/#\/schema\/person\/98a63bca8bf7c94e46d4d7febb3ac911\"},\"description\":\"Valorizzare la diversit\u00e0 e l\u2019inclusione in azienda per generare crescita, opportunit\u00e0, engagement, risultati. Gender, ageing, multiculturalit\u00e0, disabilit\u00e0. Scopri la nuova proposta di formazione sulla Diversity & Inclusion ISTUD - Wise Growth\",\"breadcrumb\":{\"@id\":\"https:\/\/www.istud.it\/imprese\/diversity-inclusion-in-azienda-istud-wise-growth\/#breadcrumb\"},\"inLanguage\":\"it-IT\",\"potentialAction\":[{\"@type\":\"ReadAction\",\"target\":[\"https:\/\/www.istud.it\/imprese\/diversity-inclusion-in-azienda-istud-wise-growth\/\"]}]},{\"@type\":\"BreadcrumbList\",\"@id\":\"https:\/\/www.istud.it\/imprese\/diversity-inclusion-in-azienda-istud-wise-growth\/#breadcrumb\",\"itemListElement\":[{\"@type\":\"ListItem\",\"position\":1,\"name\":\"Home\",\"item\":\"https:\/\/www.istud.it\/imprese\/\"},{\"@type\":\"ListItem\",\"position\":2,\"name\":\"ISTUD e Wise Growth insieme per valorizzare la pluralit\u00e0 in azienda\"}]},{\"@type\":\"Person\",\"@id\":\"https:\/\/www.istud.it\/imprese\/#\/schema\/person\/98a63bca8bf7c94e46d4d7febb3ac911\",\"name\":\"ISTUD\",\"image\":{\"@type\":\"ImageObject\",\"@id\":\"https:\/\/www.istud.it\/imprese\/#personlogo\",\"inLanguage\":\"it-IT\",\"url\":\"https:\/\/secure.gravatar.com\/avatar\/2fc8a22dfefb38315bc736b73d3aa4af?s=96&d=mm&r=g\",\"contentUrl\":\"https:\/\/secure.gravatar.com\/avatar\/2fc8a22dfefb38315bc736b73d3aa4af?s=96&d=mm&r=g\",\"caption\":\"ISTUD\"},\"url\":\"https:\/\/www.istud.it\/imprese\/author\/istudadm\/\"}]}<\/script>\n<!-- \/ Yoast SEO plugin. -->","yoast_head_json":{"title":"ISTUD e Wise Growth insieme per valorizzare la pluralit\u00e0 in azienda - ISTUD Imprese","description":"Valorizzare la diversit\u00e0 e l\u2019inclusione in azienda per generare crescita, opportunit\u00e0, engagement, risultati. Gender, ageing, multiculturalit\u00e0, disabilit\u00e0. Scopri la nuova proposta di formazione sulla Diversity & Inclusion ISTUD - Wise Growth","robots":{"index":"index","follow":"follow","max-snippet":"max-snippet:-1","max-image-preview":"max-image-preview:large","max-video-preview":"max-video-preview:-1"},"canonical":"https:\/\/www.istud.it\/imprese\/diversity-inclusion-in-azienda-istud-wise-growth\/","og_locale":"it_IT","og_type":"article","og_title":"ISTUD e Wise Growth insieme per valorizzare la pluralit\u00e0 in azienda - ISTUD Imprese","og_description":"Valorizzare la diversit\u00e0 e l\u2019inclusione in azienda per generare crescita, opportunit\u00e0, engagement, risultati. Gender, ageing, multiculturalit\u00e0, disabilit\u00e0. Scopri la nuova proposta di formazione sulla Diversity & Inclusion ISTUD - Wise Growth","og_url":"https:\/\/www.istud.it\/imprese\/diversity-inclusion-in-azienda-istud-wise-growth\/","og_site_name":"ISTUD Imprese","article_publisher":"https:\/\/www.facebook.com\/fondazioneistud\/","article_published_time":"2019-04-09T08:49:40+00:00","article_modified_time":"2020-02-11T17:24:28+00:00","og_image":[{"width":1838,"height":996,"url":"https:\/\/www.istud.it\/imprese\/wp-content\/uploads\/2019\/04\/diversity-and-inclusion-video.jpg","type":"image\/jpeg"}],"twitter_card":"summary","twitter_creator":"@istud_it","twitter_site":"@istud_it","twitter_misc":{"Scritto da":"ISTUD","Tempo di lettura stimato":"2 minuti"},"schema":{"@context":"https:\/\/schema.org","@graph":[{"@type":"WebSite","@id":"https:\/\/www.istud.it\/imprese\/#website","url":"https:\/\/www.istud.it\/imprese\/","name":"ISTUD Imprese","description":"","potentialAction":[{"@type":"SearchAction","target":{"@type":"EntryPoint","urlTemplate":"https:\/\/www.istud.it\/imprese\/?s={search_term_string}"},"query-input":"required name=search_term_string"}],"inLanguage":"it-IT"},{"@type":"ImageObject","@id":"https:\/\/www.istud.it\/imprese\/diversity-inclusion-in-azienda-istud-wise-growth\/#primaryimage","inLanguage":"it-IT","url":"https:\/\/www.istud.it\/imprese\/wp-content\/uploads\/2019\/04\/diversity-and-inclusion-video.jpg","contentUrl":"https:\/\/www.istud.it\/imprese\/wp-content\/uploads\/2019\/04\/diversity-and-inclusion-video.jpg","width":1838,"height":996,"caption":"ISTUD e Wise Growth: Diversity & Inclusion"},{"@type":"WebPage","@id":"https:\/\/www.istud.it\/imprese\/diversity-inclusion-in-azienda-istud-wise-growth\/#webpage","url":"https:\/\/www.istud.it\/imprese\/diversity-inclusion-in-azienda-istud-wise-growth\/","name":"ISTUD e Wise Growth insieme per valorizzare la pluralit\u00e0 in azienda - ISTUD Imprese","isPartOf":{"@id":"https:\/\/www.istud.it\/imprese\/#website"},"primaryImageOfPage":{"@id":"https:\/\/www.istud.it\/imprese\/diversity-inclusion-in-azienda-istud-wise-growth\/#primaryimage"},"datePublished":"2019-04-09T08:49:40+00:00","dateModified":"2020-02-11T17:24:28+00:00","author":{"@id":"https:\/\/www.istud.it\/imprese\/#\/schema\/person\/98a63bca8bf7c94e46d4d7febb3ac911"},"description":"Valorizzare la diversit\u00e0 e l\u2019inclusione in azienda per generare crescita, opportunit\u00e0, engagement, risultati. Gender, ageing, multiculturalit\u00e0, disabilit\u00e0. Scopri la nuova proposta di formazione sulla Diversity & Inclusion ISTUD - Wise Growth","breadcrumb":{"@id":"https:\/\/www.istud.it\/imprese\/diversity-inclusion-in-azienda-istud-wise-growth\/#breadcrumb"},"inLanguage":"it-IT","potentialAction":[{"@type":"ReadAction","target":["https:\/\/www.istud.it\/imprese\/diversity-inclusion-in-azienda-istud-wise-growth\/"]}]},{"@type":"BreadcrumbList","@id":"https:\/\/www.istud.it\/imprese\/diversity-inclusion-in-azienda-istud-wise-growth\/#breadcrumb","itemListElement":[{"@type":"ListItem","position":1,"name":"Home","item":"https:\/\/www.istud.it\/imprese\/"},{"@type":"ListItem","position":2,"name":"ISTUD e Wise Growth insieme per valorizzare la pluralit\u00e0 in azienda"}]},{"@type":"Person","@id":"https:\/\/www.istud.it\/imprese\/#\/schema\/person\/98a63bca8bf7c94e46d4d7febb3ac911","name":"ISTUD","image":{"@type":"ImageObject","@id":"https:\/\/www.istud.it\/imprese\/#personlogo","inLanguage":"it-IT","url":"https:\/\/secure.gravatar.com\/avatar\/2fc8a22dfefb38315bc736b73d3aa4af?s=96&d=mm&r=g","contentUrl":"https:\/\/secure.gravatar.com\/avatar\/2fc8a22dfefb38315bc736b73d3aa4af?s=96&d=mm&r=g","caption":"ISTUD"},"url":"https:\/\/www.istud.it\/imprese\/author\/istudadm\/"}]}},"_links":{"self":[{"href":"https:\/\/www.istud.it\/imprese\/wp-json\/wp\/v2\/posts\/5180"}],"collection":[{"href":"https:\/\/www.istud.it\/imprese\/wp-json\/wp\/v2\/posts"}],"about":[{"href":"https:\/\/www.istud.it\/imprese\/wp-json\/wp\/v2\/types\/post"}],"author":[{"embeddable":true,"href":"https:\/\/www.istud.it\/imprese\/wp-json\/wp\/v2\/users\/89"}],"replies":[{"embeddable":true,"href":"https:\/\/www.istud.it\/imprese\/wp-json\/wp\/v2\/comments?post=5180"}],"version-history":[{"count":5,"href":"https:\/\/www.istud.it\/imprese\/wp-json\/wp\/v2\/posts\/5180\/revisions"}],"predecessor-version":[{"id":6044,"href":"https:\/\/www.istud.it\/imprese\/wp-json\/wp\/v2\/posts\/5180\/revisions\/6044"}],"wp:featuredmedia":[{"embeddable":true,"href":"https:\/\/www.istud.it\/imprese\/wp-json\/wp\/v2\/media\/5183"}],"wp:attachment":[{"href":"https:\/\/www.istud.it\/imprese\/wp-json\/wp\/v2\/media?parent=5180"}],"wp:term":[{"taxonomy":"category","embeddable":true,"href":"https:\/\/www.istud.it\/imprese\/wp-json\/wp\/v2\/categories?post=5180"},{"taxonomy":"post_tag","embeddable":true,"href":"https:\/\/www.istud.it\/imprese\/wp-json\/wp\/v2\/tags?post=5180"}],"curies":[{"name":"wp","href":"https:\/\/api.w.org\/{rel}","templated":true}]}}