{"id":5125,"date":"2019-03-28T10:11:09","date_gmt":"2019-03-28T09:11:09","guid":{"rendered":"https:\/\/www.istud.it\/imprese\/?p=5125"},"modified":"2019-03-27T11:51:51","modified_gmt":"2019-03-27T10:51:51","slug":"executive-interviews-massimo-chiarelli-elica","status":"publish","type":"post","link":"https:\/\/www.istud.it\/imprese\/executive-interviews-massimo-chiarelli-elica\/","title":{"rendered":"Executive interviews: Massimo Chiarelli &#8211; Elica"},"content":{"rendered":"<p>[vc_row][vc_column][vc_column_text]<strong>Executive Interviews, conversazioni su leadership e management. Intervista a Massimo Chiarelli \u2013 Category manager di Elica<\/strong>[\/vc_column_text][\/vc_column][\/vc_row][vc_row][vc_column][vc_video link=&#8221;https:\/\/youtu.be\/84b0B1gOKm0&#8243;][\/vc_column][\/vc_row][vc_row][vc_column][vc_column_text]<b>Su quali competenze chiave deve investire un manager oggi?<\/b><\/p>\n<p><span style=\"font-weight: 400;\">Indipendentemente dal contesto in cui ci muoviamo ci sono delle competenze che definirei core da cui non possiamo prescindere. Sono sicuramente le competenze che attengono alla sfera dei valori, per cui al \u201cchi siamo, cosa facciamo e dove vogliamo andare\u201d. Sicuramente c&#8217;\u00e8 il self management, la gestione dello stress e la gestione del proprio equilibrio interiore. C\u2019\u00e8 il people management, lo sviluppo dei collaboratori, la capacit\u00e0 di ascolto e la capacit\u00e0 di portare a bordo le persone.<\/span><\/p>\n<p><span style=\"font-weight: 400;\">In uno scenario mutevole e disruptive come quello attuale dobbiamo per\u00f2 passare dalle competenze core a dei mindset. Quindi dobbiamo ragionare in ottica di atteggiamento e di attitudine e quindi ragionare in ottica di mindset aperto, apertura nell&#8217;approccio ai processi, un mindset creativo e quindi una lettura dei processi degli scenari differente da come abbiamo fatto prima, e sicuramente un mindset digitale. \u00a0<\/span><\/p>\n<p>&nbsp;<\/p>\n<p><b>Quali sono le ricadute concrete dopo la partecipazione all\u2019<a href=\"https:\/\/www.istud.it\/imprese\/formazione-interaziendale-per-manager\/executive-master-leadership-business-transformation\/\">Executive Master in Leadership &amp; Business Transformation<\/a>?<\/b><\/p>\n<p><span style=\"font-weight: 400;\">Le ricadute personali sono sicuramente tante: ho avuto la possibilit\u00e0 di fare un punto zero, di fare un bilancio sul mio percorso personale e professionale, di investigare con l&#8217;aiuto del personal coach le aree di forza e i punti di miglioramento. Per questo ho lanciato un progetto che ho voluto chiamare \u201cStart up of me\u201d per fare in modo di avere un massimo al massimo.<\/span><\/p>\n<p><span style=\"font-weight: 400;\">Durante il corso abbiamo parlato di temi importanti come innovazione, strategia, leadership, aspetti finanziari tutto questo in un\u2019aula molto motivata e guidata da docenti che hanno saputo stimolarci.\u00a0<\/span>Ancora \u00e8 presto per dire quali sono le ricadute sull&#8217;organizzazione ma spero di portare dei progetti e di mettere in pratica delle cose che ho imparato durante il Master.<\/p>\n<p>&nbsp;<\/p>\n<p><b>Quali sono i punti di forza dell\u2019<a href=\"https:\/\/www.istud.it\/imprese\/formazione-interaziendale-per-manager\/executive-master-leadership-business-transformation\/\">Executive Master in Leadership &amp; Business Transformation<\/a>?<\/b><\/p>\n<p><span style=\"font-weight: 400;\">I punti di forza dell\u2019Executive Master stati in primis l&#8217;organizzazione e la location. Il personale ci ha aiutato ad accedere alle informazioni didattiche in maniera molto chiara e molto veloce e questo \u00e8 di grande aiuto nelle giornate lavorative piene.<\/span><\/p>\n<p><span style=\"font-weight: 400;\">Un altro punto di forza sono i docenti che ci hanno guidato, ci hanno motivato e hanno permesso al gruppo e all&#8217;aula di fare esperienza e di vivere in prima persona ci\u00f2 di cui parlavamo.<\/span><\/p>\n<p><span style=\"font-weight: 400;\">Ma il vero punto di forza che vorrei sottolineare di questo Master Executive \u00e8 sicuramente il taglio laterale che ha voluto dare e quindi una prospettiva nuova, anche a volte divergente, con cui abbiamo affrontato dei temi che viviamo tutti i giorni in azienda.<\/span>[\/vc_column_text][\/vc_column][\/vc_row][vc_row full_width=&#8221;stretch_row&#8221; css=&#8221;.vc_custom_1549379835585{background-color: #a04360 !important;}&#8221;][vc_column]<div class=\"thim-widget-heading template-base\"><div class=\"sc_heading  text-center\"><h3 style=\"text-transform: uppercase;color:#ffffff;\" class=\"title\">Scarica la brochure e richiedi informazioni<\/h3><\/div><\/div><div role=\"form\" class=\"wpcf7\" id=\"wpcf7-f3107-o1\" lang=\"it-IT\" dir=\"ltr\">\n<div class=\"screen-reader-response\"><p role=\"status\" aria-live=\"polite\" aria-atomic=\"true\"><\/p> <ul><\/ul><\/div>\n<form action=\"\/imprese\/wp-json\/wp\/v2\/posts\/5125#wpcf7-f3107-o1\" method=\"post\" class=\"wpcf7-form init\" novalidate=\"novalidate\" data-status=\"init\">\n<div style=\"display: none;\">\n<input type=\"hidden\" name=\"_wpcf7\" value=\"3107\" \/>\n<input type=\"hidden\" name=\"_wpcf7_version\" value=\"5.5.6\" \/>\n<input type=\"hidden\" name=\"_wpcf7_locale\" value=\"it_IT\" \/>\n<input type=\"hidden\" name=\"_wpcf7_unit_tag\" value=\"wpcf7-f3107-o1\" \/>\n<input type=\"hidden\" name=\"_wpcf7_container_post\" value=\"0\" \/>\n<input type=\"hidden\" name=\"_wpcf7_posted_data_hash\" value=\"\" \/>\n<input type=\"hidden\" name=\"_wpcf7_recaptcha_response\" value=\"\" \/>\n<\/div>\n<p><span class=\"wpcf7-form-control-wrap nome\"><input type=\"text\" name=\"nome\" value=\"\" size=\"40\" class=\"wpcf7-form-control wpcf7-text wpcf7-validates-as-required\" aria-required=\"true\" aria-invalid=\"false\" placeholder=\"Nome*\" \/><\/span><\/p>\n<p><span class=\"wpcf7-form-control-wrap cognome\"><input type=\"text\" name=\"cognome\" value=\"\" size=\"40\" class=\"wpcf7-form-control wpcf7-text wpcf7-validates-as-required\" aria-required=\"true\" aria-invalid=\"false\" placeholder=\"Cognome*\" \/><\/span><\/p>\n<p><span class=\"wpcf7-form-control-wrap email\"><input type=\"email\" name=\"email\" value=\"\" size=\"40\" class=\"wpcf7-form-control wpcf7-text wpcf7-email wpcf7-validates-as-required wpcf7-validates-as-email\" aria-required=\"true\" aria-invalid=\"false\" placeholder=\"E-mail*\" \/><\/span><\/p>\n<p><span class=\"wpcf7-form-control-wrap tel\"><input type=\"tel\" name=\"tel\" value=\"\" size=\"40\" class=\"wpcf7-form-control wpcf7-text wpcf7-tel wpcf7-validates-as-required wpcf7-validates-as-tel\" aria-required=\"true\" aria-invalid=\"false\" placeholder=\"Telefono*\" \/><\/span><\/p>\n<p><span class=\"wpcf7-form-control-wrap azienda\"><input type=\"text\" name=\"azienda\" value=\"\" size=\"40\" class=\"wpcf7-form-control wpcf7-text\" aria-invalid=\"false\" placeholder=\"Azienda\" \/><\/span><\/p>\n<input type=\"hidden\" name=\"utm_source\" value=\"sito\" class=\"wpcf7-form-control wpcf7-hidden\" \/>\n<p align=\"left\"><font color=\"#ffffff\"><strong>Privacy*<\/strong><br \/>Ho letto l'<a href=\"https:\/\/www.istud.it\/privacy-informativa-e-richiesta-di-consenso-form\/\" target=\"_blank\" style=\"color:#ffffff; text-decoration: underline\"><strong>informativa<\/strong><\/a> e per quanto riguarda i trattamenti richiesti per consentire al Titolare del trattamento di realizzare la finalit\u00e0 di \u201cAttivit\u00e0 di Marketing\u201d (<em>informazioni pubblicitarie e promozionali, comunicazioni commerciali, newsletter e pubblicazioni periodiche, etc...<\/em>) mediante l\u2019impiego della posta cartacea, del telefono, del suo indirizzo di posta elettronica <span class=\"wpcf7-form-control-wrap privacy\"><span class=\"wpcf7-form-control wpcf7-checkbox wpcf7-validates-as-required wpcf7-exclusive-checkbox\"><span class=\"wpcf7-list-item first\"><input type=\"checkbox\" name=\"privacy\" value=\"Accetto\" \/><span class=\"wpcf7-list-item-label\">Accetto<\/span><\/span><span class=\"wpcf7-list-item last\"><input type=\"checkbox\" name=\"privacy\" value=\"Non accetto\" \/><span class=\"wpcf7-list-item-label\">Non accetto<\/span><\/span><\/span><\/span><\/font><\/p>\n<p><input type=\"submit\" value=\"Invia dati\" class=\"wpcf7-form-control has-spinner wpcf7-submit\" \/><\/p>\n<div class=\"wpcf7-response-output\" aria-hidden=\"true\"><\/div><\/form><\/div>[\/vc_column][\/vc_row]<\/p>\n","protected":false},"excerpt":{"rendered":"<p>[vc_row][vc_column][vc_column_text]Executive Interviews, conversazioni su leadership e management. Intervista a Massimo Chiarelli \u2013 Category manager di Elica[\/vc_column_text][\/vc_column][\/vc_row][vc_row][vc_column][vc_video link=&#8221;https:\/\/youtu.be\/84b0B1gOKm0&#8243;][\/vc_column][\/vc_row][vc_row][vc_column][vc_column_text]Su quali competenze chiave deve investire un manager oggi? Indipendentemente dal contesto in cui &hellip; <\/p>\n","protected":false},"author":89,"featured_media":5126,"comment_status":"closed","ping_status":"closed","sticky":false,"template":"","format":"standard","meta":[],"categories":[15,63],"tags":[18,71,17],"yoast_head":"<!-- This site is optimized with the Yoast SEO plugin v18.4.1 - https:\/\/yoast.com\/wordpress\/plugins\/seo\/ -->\n<title>Executive interviews: Massimo Chiarelli - Elica - ISTUD Imprese<\/title>\n<meta name=\"description\" content=\"Executive interviews: conversazioni su leadership e management.Ciclo di interviste a manager e opinion leader. Massimo Chiarelli, Category Manager di Elica\" \/>\n<meta name=\"robots\" content=\"index, follow, max-snippet:-1, max-image-preview:large, max-video-preview:-1\" \/>\n<link rel=\"canonical\" href=\"https:\/\/www.istud.it\/imprese\/executive-interviews-massimo-chiarelli-elica\/\" \/>\n<meta property=\"og:locale\" content=\"it_IT\" \/>\n<meta property=\"og:type\" content=\"article\" \/>\n<meta property=\"og:title\" content=\"Executive interviews: Massimo Chiarelli - Elica - ISTUD Imprese\" \/>\n<meta property=\"og:description\" content=\"Executive interviews: conversazioni su leadership e management.Ciclo di interviste a manager e opinion leader. Massimo Chiarelli, Category Manager di Elica\" \/>\n<meta property=\"og:url\" content=\"https:\/\/www.istud.it\/imprese\/executive-interviews-massimo-chiarelli-elica\/\" \/>\n<meta property=\"og:site_name\" content=\"ISTUD Imprese\" \/>\n<meta property=\"article:publisher\" content=\"https:\/\/www.facebook.com\/fondazioneistud\/\" \/>\n<meta property=\"article:published_time\" content=\"2019-03-28T09:11:09+00:00\" \/>\n<meta property=\"article:modified_time\" content=\"2019-03-27T10:51:51+00:00\" \/>\n<meta property=\"og:image\" content=\"https:\/\/www.istud.it\/imprese\/wp-content\/uploads\/2019\/03\/executive-interviews-massimo-chiarelli-elica.jpg\" \/>\n\t<meta property=\"og:image:width\" content=\"840\" \/>\n\t<meta property=\"og:image:height\" content=\"526\" \/>\n\t<meta property=\"og:image:type\" content=\"image\/jpeg\" \/>\n<meta name=\"twitter:card\" content=\"summary\" \/>\n<meta name=\"twitter:creator\" content=\"@istud_it\" \/>\n<meta name=\"twitter:site\" content=\"@istud_it\" \/>\n<meta name=\"twitter:label1\" content=\"Scritto da\" \/>\n\t<meta name=\"twitter:data1\" content=\"ISTUD\" \/>\n\t<meta name=\"twitter:label2\" content=\"Tempo di lettura stimato\" \/>\n\t<meta name=\"twitter:data2\" content=\"3 minuti\" \/>\n<script type=\"application\/ld+json\" class=\"yoast-schema-graph\">{\"@context\":\"https:\/\/schema.org\",\"@graph\":[{\"@type\":\"WebSite\",\"@id\":\"https:\/\/www.istud.it\/imprese\/#website\",\"url\":\"https:\/\/www.istud.it\/imprese\/\",\"name\":\"ISTUD Imprese\",\"description\":\"\",\"potentialAction\":[{\"@type\":\"SearchAction\",\"target\":{\"@type\":\"EntryPoint\",\"urlTemplate\":\"https:\/\/www.istud.it\/imprese\/?s={search_term_string}\"},\"query-input\":\"required name=search_term_string\"}],\"inLanguage\":\"it-IT\"},{\"@type\":\"ImageObject\",\"@id\":\"https:\/\/www.istud.it\/imprese\/executive-interviews-massimo-chiarelli-elica\/#primaryimage\",\"inLanguage\":\"it-IT\",\"url\":\"https:\/\/www.istud.it\/imprese\/wp-content\/uploads\/2019\/03\/executive-interviews-massimo-chiarelli-elica.jpg\",\"contentUrl\":\"https:\/\/www.istud.it\/imprese\/wp-content\/uploads\/2019\/03\/executive-interviews-massimo-chiarelli-elica.jpg\",\"width\":840,\"height\":526,\"caption\":\"executive interviews massimo chiarelli elica\"},{\"@type\":\"WebPage\",\"@id\":\"https:\/\/www.istud.it\/imprese\/executive-interviews-massimo-chiarelli-elica\/#webpage\",\"url\":\"https:\/\/www.istud.it\/imprese\/executive-interviews-massimo-chiarelli-elica\/\",\"name\":\"Executive interviews: Massimo Chiarelli - Elica - ISTUD Imprese\",\"isPartOf\":{\"@id\":\"https:\/\/www.istud.it\/imprese\/#website\"},\"primaryImageOfPage\":{\"@id\":\"https:\/\/www.istud.it\/imprese\/executive-interviews-massimo-chiarelli-elica\/#primaryimage\"},\"datePublished\":\"2019-03-28T09:11:09+00:00\",\"dateModified\":\"2019-03-27T10:51:51+00:00\",\"author\":{\"@id\":\"https:\/\/www.istud.it\/imprese\/#\/schema\/person\/98a63bca8bf7c94e46d4d7febb3ac911\"},\"description\":\"Executive interviews: conversazioni su leadership e management.Ciclo di interviste a manager e opinion leader. Massimo Chiarelli, Category Manager di Elica\",\"breadcrumb\":{\"@id\":\"https:\/\/www.istud.it\/imprese\/executive-interviews-massimo-chiarelli-elica\/#breadcrumb\"},\"inLanguage\":\"it-IT\",\"potentialAction\":[{\"@type\":\"ReadAction\",\"target\":[\"https:\/\/www.istud.it\/imprese\/executive-interviews-massimo-chiarelli-elica\/\"]}]},{\"@type\":\"BreadcrumbList\",\"@id\":\"https:\/\/www.istud.it\/imprese\/executive-interviews-massimo-chiarelli-elica\/#breadcrumb\",\"itemListElement\":[{\"@type\":\"ListItem\",\"position\":1,\"name\":\"Home\",\"item\":\"https:\/\/www.istud.it\/imprese\/\"},{\"@type\":\"ListItem\",\"position\":2,\"name\":\"Executive interviews: Massimo Chiarelli &#8211; Elica\"}]},{\"@type\":\"Person\",\"@id\":\"https:\/\/www.istud.it\/imprese\/#\/schema\/person\/98a63bca8bf7c94e46d4d7febb3ac911\",\"name\":\"ISTUD\",\"image\":{\"@type\":\"ImageObject\",\"@id\":\"https:\/\/www.istud.it\/imprese\/#personlogo\",\"inLanguage\":\"it-IT\",\"url\":\"https:\/\/secure.gravatar.com\/avatar\/2fc8a22dfefb38315bc736b73d3aa4af?s=96&d=mm&r=g\",\"contentUrl\":\"https:\/\/secure.gravatar.com\/avatar\/2fc8a22dfefb38315bc736b73d3aa4af?s=96&d=mm&r=g\",\"caption\":\"ISTUD\"},\"url\":\"https:\/\/www.istud.it\/imprese\/author\/istudadm\/\"}]}<\/script>\n<!-- \/ Yoast SEO plugin. -->","yoast_head_json":{"title":"Executive interviews: Massimo Chiarelli - Elica - ISTUD Imprese","description":"Executive interviews: conversazioni su leadership e management.Ciclo di interviste a manager e opinion leader. Massimo Chiarelli, Category Manager di Elica","robots":{"index":"index","follow":"follow","max-snippet":"max-snippet:-1","max-image-preview":"max-image-preview:large","max-video-preview":"max-video-preview:-1"},"canonical":"https:\/\/www.istud.it\/imprese\/executive-interviews-massimo-chiarelli-elica\/","og_locale":"it_IT","og_type":"article","og_title":"Executive interviews: Massimo Chiarelli - Elica - ISTUD Imprese","og_description":"Executive interviews: conversazioni su leadership e management.Ciclo di interviste a manager e opinion leader. Massimo Chiarelli, Category Manager di Elica","og_url":"https:\/\/www.istud.it\/imprese\/executive-interviews-massimo-chiarelli-elica\/","og_site_name":"ISTUD Imprese","article_publisher":"https:\/\/www.facebook.com\/fondazioneistud\/","article_published_time":"2019-03-28T09:11:09+00:00","article_modified_time":"2019-03-27T10:51:51+00:00","og_image":[{"width":840,"height":526,"url":"https:\/\/www.istud.it\/imprese\/wp-content\/uploads\/2019\/03\/executive-interviews-massimo-chiarelli-elica.jpg","type":"image\/jpeg"}],"twitter_card":"summary","twitter_creator":"@istud_it","twitter_site":"@istud_it","twitter_misc":{"Scritto da":"ISTUD","Tempo di lettura stimato":"3 minuti"},"schema":{"@context":"https:\/\/schema.org","@graph":[{"@type":"WebSite","@id":"https:\/\/www.istud.it\/imprese\/#website","url":"https:\/\/www.istud.it\/imprese\/","name":"ISTUD Imprese","description":"","potentialAction":[{"@type":"SearchAction","target":{"@type":"EntryPoint","urlTemplate":"https:\/\/www.istud.it\/imprese\/?s={search_term_string}"},"query-input":"required name=search_term_string"}],"inLanguage":"it-IT"},{"@type":"ImageObject","@id":"https:\/\/www.istud.it\/imprese\/executive-interviews-massimo-chiarelli-elica\/#primaryimage","inLanguage":"it-IT","url":"https:\/\/www.istud.it\/imprese\/wp-content\/uploads\/2019\/03\/executive-interviews-massimo-chiarelli-elica.jpg","contentUrl":"https:\/\/www.istud.it\/imprese\/wp-content\/uploads\/2019\/03\/executive-interviews-massimo-chiarelli-elica.jpg","width":840,"height":526,"caption":"executive interviews massimo chiarelli elica"},{"@type":"WebPage","@id":"https:\/\/www.istud.it\/imprese\/executive-interviews-massimo-chiarelli-elica\/#webpage","url":"https:\/\/www.istud.it\/imprese\/executive-interviews-massimo-chiarelli-elica\/","name":"Executive interviews: Massimo Chiarelli - Elica - ISTUD Imprese","isPartOf":{"@id":"https:\/\/www.istud.it\/imprese\/#website"},"primaryImageOfPage":{"@id":"https:\/\/www.istud.it\/imprese\/executive-interviews-massimo-chiarelli-elica\/#primaryimage"},"datePublished":"2019-03-28T09:11:09+00:00","dateModified":"2019-03-27T10:51:51+00:00","author":{"@id":"https:\/\/www.istud.it\/imprese\/#\/schema\/person\/98a63bca8bf7c94e46d4d7febb3ac911"},"description":"Executive interviews: conversazioni su leadership e management.Ciclo di interviste a manager e opinion leader. Massimo Chiarelli, Category Manager di Elica","breadcrumb":{"@id":"https:\/\/www.istud.it\/imprese\/executive-interviews-massimo-chiarelli-elica\/#breadcrumb"},"inLanguage":"it-IT","potentialAction":[{"@type":"ReadAction","target":["https:\/\/www.istud.it\/imprese\/executive-interviews-massimo-chiarelli-elica\/"]}]},{"@type":"BreadcrumbList","@id":"https:\/\/www.istud.it\/imprese\/executive-interviews-massimo-chiarelli-elica\/#breadcrumb","itemListElement":[{"@type":"ListItem","position":1,"name":"Home","item":"https:\/\/www.istud.it\/imprese\/"},{"@type":"ListItem","position":2,"name":"Executive interviews: Massimo Chiarelli &#8211; Elica"}]},{"@type":"Person","@id":"https:\/\/www.istud.it\/imprese\/#\/schema\/person\/98a63bca8bf7c94e46d4d7febb3ac911","name":"ISTUD","image":{"@type":"ImageObject","@id":"https:\/\/www.istud.it\/imprese\/#personlogo","inLanguage":"it-IT","url":"https:\/\/secure.gravatar.com\/avatar\/2fc8a22dfefb38315bc736b73d3aa4af?s=96&d=mm&r=g","contentUrl":"https:\/\/secure.gravatar.com\/avatar\/2fc8a22dfefb38315bc736b73d3aa4af?s=96&d=mm&r=g","caption":"ISTUD"},"url":"https:\/\/www.istud.it\/imprese\/author\/istudadm\/"}]}},"_links":{"self":[{"href":"https:\/\/www.istud.it\/imprese\/wp-json\/wp\/v2\/posts\/5125"}],"collection":[{"href":"https:\/\/www.istud.it\/imprese\/wp-json\/wp\/v2\/posts"}],"about":[{"href":"https:\/\/www.istud.it\/imprese\/wp-json\/wp\/v2\/types\/post"}],"author":[{"embeddable":true,"href":"https:\/\/www.istud.it\/imprese\/wp-json\/wp\/v2\/users\/89"}],"replies":[{"embeddable":true,"href":"https:\/\/www.istud.it\/imprese\/wp-json\/wp\/v2\/comments?post=5125"}],"version-history":[{"count":4,"href":"https:\/\/www.istud.it\/imprese\/wp-json\/wp\/v2\/posts\/5125\/revisions"}],"predecessor-version":[{"id":5145,"href":"https:\/\/www.istud.it\/imprese\/wp-json\/wp\/v2\/posts\/5125\/revisions\/5145"}],"wp:featuredmedia":[{"embeddable":true,"href":"https:\/\/www.istud.it\/imprese\/wp-json\/wp\/v2\/media\/5126"}],"wp:attachment":[{"href":"https:\/\/www.istud.it\/imprese\/wp-json\/wp\/v2\/media?parent=5125"}],"wp:term":[{"taxonomy":"category","embeddable":true,"href":"https:\/\/www.istud.it\/imprese\/wp-json\/wp\/v2\/categories?post=5125"},{"taxonomy":"post_tag","embeddable":true,"href":"https:\/\/www.istud.it\/imprese\/wp-json\/wp\/v2\/tags?post=5125"}],"curies":[{"name":"wp","href":"https:\/\/api.w.org\/{rel}","templated":true}]}}